{"id":230353,"date":"2022-09-17T14:12:18","date_gmt":"2022-09-17T19:12:18","guid":{"rendered":"https:\/\/plazajuarez.mx\/?p=230353"},"modified":"2022-09-17T14:12:23","modified_gmt":"2022-09-17T19:12:23","slug":"amlo-_fiestas","status":"publish","type":"post","link":"https:\/\/plazajuarez.mx\/historico\/amlo-_fiestas\/","title":{"rendered":"AMLO afirma que fiestas patrias se realizaron en &#8220;santa paz&#8221;"},"content":{"rendered":"\n<p> El presidente Andr\u00e9s Manuel L\u00f3pez Obrador asegur\u00f3 que en los festejos de las fiestas patrias en el pa\u00eds se realizaron &#8220;en santa paz&#8221; y hubo saldo blanco.<\/p>\n\n\n\n<p>Esto, pese a que el reporte diario del gabinete de seguridad federal indica que al menos 162 personas fueron asesinadas durante los festejos patrios, la mayor\u00eda en cinco estados del norte, centro y occidente de la Rep\u00fablica.<\/p>\n\n\n\n<p>En su cuenta de Twitter, el jefe del Ejecutivo federal, difundi\u00f3 un video en el cerro que se encuentra en el Heroico Colegio Militar al que acudi\u00f3 para realizar ejercicio y como pr\u00e1ctica de cardio, presumi\u00f3 que camin\u00f3 alrededor de 4 kil\u00f3metros y que escal\u00f3 cerca de 150 metros en este cerro ubicado al sur de la Ciudad de M\u00e9xico.<\/p>\n\n\n\n<p>&#8220;Hoy toc\u00f3 caminar, escalar este cerro del Colegio Militar, hacer cardio para seguir estando al 100&#8221;.<\/p>\n\n\n\n<p>&#8220;Pasaron las fiestas patrias, muchas gracias a todas, a todos, reafirmamos nuestra independencia en santa paz, saldo blanco y ahora, pues no es para presumir, pero estoy caminando. Llevo 4 kil\u00f3metros, estoy a 2 mil 472 metros del nivel del mar. He escalado como 130-150 metros en todo el tramo en toda la trayectoria y todav\u00eda me falta bajar&#8221;, coment\u00f3 en la red social.<\/p>\n\n\n\n<p>Este s\u00e1bado, EL UNIVERSAL informa que al menos 162 personas fueron asesinadas durante las fiestas patrias en el pa\u00eds, la mayor\u00eda en cinco estados del norte, centro y occidente de la Rep\u00fablica.<\/p>\n\n\n\n<p>Con base en el reporte diario del gabinete de seguridad federal, el 15 de septiembre, d\u00eda del Grito de Independencia, se registraron 68 v\u00edctimas de homicidio doloso, mientras que ayer se contabilizaron un total de 94.<\/p>\n\n\n\n<p>Los estados con m\u00e1s asesinatos entre jueves y viernes patrios fueron Estado de M\u00e9xico, 27; Guanajuato, 21; Baja California, 14; Jalisco, 11; Zacatecas, 9, seg\u00fan el informe que todos los d\u00edas se entrega al presidente Andr\u00e9s Manuel L\u00f3pez Obrador en la reuni\u00f3n de gabinete de seguridad en Palacio Nacional.<\/p>\n","protected":false},"excerpt":{"rendered":"<p>El presidente Andr\u00e9s Manuel L\u00f3pez Obrador asegur\u00f3 que en los festejos de las fiestas patrias en el pa\u00eds se realizaron &#8220;en santa paz&#8221; y hubo saldo blanco. Esto, pese a que el reporte diario del gabinete de seguridad federal indica que al menos 162 personas fueron asesinadas durante los festejos patrios, la mayor\u00eda en cinco [&hellip;]<\/p>\n","protected":false},"author":81,"featured_media":230354,"comment_status":"closed","ping_status":"closed","sticky":false,"template":"","format":"standard","meta":{"footnotes":""},"categories":[36],"tags":[],"class_list":["post-230353","post","type-post","status-publish","format-standard","has-post-thumbnail","hentry","category-nacion"],"_links":{"self":[{"href":"https:\/\/plazajuarez.mx\/historico\/wp-json\/wp\/v2\/posts\/230353","targetHints":{"allow":["GET"]}}],"collection":[{"href":"https:\/\/plazajuarez.mx\/historico\/wp-json\/wp\/v2\/posts"}],"about":[{"href":"https:\/\/plazajuarez.mx\/historico\/wp-json\/wp\/v2\/types\/post"}],"author":[{"embeddable":true,"href":"https:\/\/plazajuarez.mx\/historico\/wp-json\/wp\/v2\/users\/81"}],"replies":[{"embeddable":true,"href":"https:\/\/plazajuarez.mx\/historico\/wp-json\/wp\/v2\/comments?post=230353"}],"version-history":[{"count":0,"href":"https:\/\/plazajuarez.mx\/historico\/wp-json\/wp\/v2\/posts\/230353\/revisions"}],"wp:featuredmedia":[{"embeddable":true,"href":"https:\/\/plazajuarez.mx\/historico\/wp-json\/wp\/v2\/media\/230354"}],"wp:attachment":[{"href":"https:\/\/plazajuarez.mx\/historico\/wp-json\/wp\/v2\/media?parent=230353"}],"wp:term":[{"taxonomy":"category","embeddable":true,"href":"https:\/\/plazajuarez.mx\/historico\/wp-json\/wp\/v2\/categories?post=230353"},{"taxonomy":"post_tag","embeddable":true,"href":"https:\/\/plazajuarez.mx\/historico\/wp-json\/wp\/v2\/tags?post=230353"}],"curies":[{"name":"wp","href":"https:\/\/api.w.org\/{rel}","templated":true}]}}