{"id":230347,"date":"2022-09-17T13:51:38","date_gmt":"2022-09-17T18:51:38","guid":{"rendered":"https:\/\/plazajuarez.mx\/?p=230347"},"modified":"2022-09-17T13:51:45","modified_gmt":"2022-09-17T18:51:45","slug":"rosalia_","status":"publish","type":"post","link":"https:\/\/plazajuarez.mx\/historico\/rosalia_\/","title":{"rendered":"Rosal\u00eda se convierte en la imagen de un perfume"},"content":{"rendered":"\n<p>Rosal\u00eda, la cantante espa\u00f1ola que se ha convertido en un \u00e9xito a nivel mundial, dio a conocer en redes sociales que se convirti\u00f3 en la imagen de la fragancia La vie est belle (La vida es bella) de Lancome, una marca de lujo francesa que tambi\u00e9n tiene l\u00ednea de cosm\u00e9ticos y cuidado de la piel.<\/p>\n\n\n\n<p>Pese a que la propia artista se encarg\u00f3 de compartir la noticia con sus fan\u00e1ticos, la marca tambi\u00e9n lanz\u00f3 un comunicado en el que expres\u00f3 su emoci\u00f3n por la colaboraci\u00f3n de la int\u00e9rprete de &#8220;Despech\u00e1&#8221;, adem\u00e1s que resalt\u00f3 el talento de \u00e9sta.<\/p>\n\n\n\n<p>&#8220;Rosal\u00eda lo hace diferente. No es alguien que se apega al molde, su marca como artista es completamente \u00fanica por su entusiasmo, esp\u00edritu, estilo y profundo amor por su cultura. Rosal\u00eda est\u00e1 construyendo su propia vida \u00fanica, y de hecho es bella&#8221;, se lee. Mientras que la cantante public\u00f3 en su perfil: Estoy muy emocionada de asociarme con @lancomeofficial para su fragancia ic\u00f3nica, La Vie Est Belle.<\/p>\n\n\n\n<p>Artistas reconocidas como la actriz Julia Roberts, la doble ganadora al Emmy, Zendaya, y Lily Collins, tambi\u00e9n han trabajado con la empresa, incluso Roberts y la actriz de &#8220;Euphoria&#8221; son embajadoras globales de la marca.<\/p>\n\n\n\n<p>\u00bfCu\u00e1nto cuesta la fragancia La vie est belle?<\/p>\n\n\n\n<p>La fragancia se puede encontrar en tiendas departamentales donde su costo va de los $1,760 pesos mexicanos, hasta los $3,360, dependiendo el tama\u00f1o que se desee comprar (30 ml, 50 ml, 100 ml).<\/p>\n\n\n\n<p>\u00bfA qu\u00e9 huele la fragancia La vie est belle?<\/p>\n\n\n\n<p>De acuerdo con la p\u00e1gina oficial, La vie est belle despide un aroma a flor blanca Iris, vainilla, az\u00facar hilado y patchouli.<\/p>\n","protected":false},"excerpt":{"rendered":"<p>Rosal\u00eda, la cantante espa\u00f1ola que se ha convertido en un \u00e9xito a nivel mundial, dio a conocer en redes sociales que se convirti\u00f3 en la imagen de la fragancia La vie est belle (La vida es bella) de Lancome, una marca de lujo francesa que tambi\u00e9n tiene l\u00ednea de cosm\u00e9ticos y cuidado de la piel. [&hellip;]<\/p>\n","protected":false},"author":81,"featured_media":230348,"comment_status":"closed","ping_status":"closed","sticky":false,"template":"","format":"standard","meta":{"footnotes":""},"categories":[38],"tags":[],"class_list":["post-230347","post","type-post","status-publish","format-standard","has-post-thumbnail","hentry","category-show"],"_links":{"self":[{"href":"https:\/\/plazajuarez.mx\/historico\/wp-json\/wp\/v2\/posts\/230347","targetHints":{"allow":["GET"]}}],"collection":[{"href":"https:\/\/plazajuarez.mx\/historico\/wp-json\/wp\/v2\/posts"}],"about":[{"href":"https:\/\/plazajuarez.mx\/historico\/wp-json\/wp\/v2\/types\/post"}],"author":[{"embeddable":true,"href":"https:\/\/plazajuarez.mx\/historico\/wp-json\/wp\/v2\/users\/81"}],"replies":[{"embeddable":true,"href":"https:\/\/plazajuarez.mx\/historico\/wp-json\/wp\/v2\/comments?post=230347"}],"version-history":[{"count":0,"href":"https:\/\/plazajuarez.mx\/historico\/wp-json\/wp\/v2\/posts\/230347\/revisions"}],"wp:featuredmedia":[{"embeddable":true,"href":"https:\/\/plazajuarez.mx\/historico\/wp-json\/wp\/v2\/media\/230348"}],"wp:attachment":[{"href":"https:\/\/plazajuarez.mx\/historico\/wp-json\/wp\/v2\/media?parent=230347"}],"wp:term":[{"taxonomy":"category","embeddable":true,"href":"https:\/\/plazajuarez.mx\/historico\/wp-json\/wp\/v2\/categories?post=230347"},{"taxonomy":"post_tag","embeddable":true,"href":"https:\/\/plazajuarez.mx\/historico\/wp-json\/wp\/v2\/tags?post=230347"}],"curies":[{"name":"wp","href":"https:\/\/api.w.org\/{rel}","templated":true}]}}