{"id":23034,"date":"2016-06-15T12:48:03","date_gmt":"2016-06-15T12:48:03","guid":{"rendered":"http:\/\/plazajuarez.mx\/index\/index.php\/2016\/06\/15\/disney-presenta-el-primer-adelanto-de-moana\/"},"modified":"2016-06-15T12:48:03","modified_gmt":"2016-06-15T12:48:03","slug":"disney-presenta-el-primer-adelanto-de-moana","status":"publish","type":"post","link":"https:\/\/plazajuarez.mx\/historico\/disney-presenta-el-primer-adelanto-de-moana\/","title":{"rendered":"Disney presenta el primer adelanto de &#8216;Moana&#8217;"},"content":{"rendered":"<p style=\"text-align: justify;\">El filme animado se estrenar\u00e1 en M\u00e9xico el 25 de noviembre pr\u00f3ximo<\/p>\n<p>  <!--more-->  <\/p>\n<p style=\"text-align: justify;\">\n<p>El primer adelanto de &#8220;Moana: Un mar de aventuras&#8221;, junto con las dos primeras im\u00e1genes de esta pel\u00edcula, que narra las aventuras de una adolescente en el mar para salvar a su pueblo, ya fueron develados por Disney.<br \/>\u00a0\u00a0\u00a0\u00a0 Este filme animado se estrenar\u00e1 en M\u00e9xico el 25 de noviembre pr\u00f3ximo, de acuerdo con un comunicado de prensa, que consign\u00f3 que el equipo de realizadores est\u00e1 conformado por Ron Clements y John Musker, creadores tambi\u00e9n de &#8220;La Sirenita&#8221;, &#8220;Aladd\u00edn&#8221;, as\u00ed como &#8220;La Princesa y el Sapo&#8221;.<br \/>&#8220;Moana&#8221;es una aventurera, tenaz y compasiva adolescente de 16 a\u00f1os que se embarca en una audaz misi\u00f3n para salvar a su pueblo. En su camino descubre aquello que siempre busc\u00f3: su propia identidad.<br \/>Mientras que &#8220;Maui&#8221;es un semidi\u00f3s, mitad dios, mitad humano, incre\u00edble. <br \/>Carism\u00e1tico y gracioso, posee un anzuelo m\u00e1gico que le permite transformarse en todo tipo de animal y hasta extraer islas del oc\u00e9ano. Este personaje cuenta con la voz en ingl\u00e9s de Dwayne &#8220;The Rock&#8221; Johnson.<\/p>\n","protected":false},"excerpt":{"rendered":"<p>El filme animado se estrenar\u00e1 en M\u00e9xico el 25 de noviembre pr\u00f3ximo<\/p>\n","protected":false},"author":93,"featured_media":0,"comment_status":"open","ping_status":"open","sticky":false,"template":"","format":"standard","meta":{"footnotes":""},"categories":[38],"tags":[],"class_list":["post-23034","post","type-post","status-publish","format-standard","hentry","category-show"],"_links":{"self":[{"href":"https:\/\/plazajuarez.mx\/historico\/wp-json\/wp\/v2\/posts\/23034","targetHints":{"allow":["GET"]}}],"collection":[{"href":"https:\/\/plazajuarez.mx\/historico\/wp-json\/wp\/v2\/posts"}],"about":[{"href":"https:\/\/plazajuarez.mx\/historico\/wp-json\/wp\/v2\/types\/post"}],"author":[{"embeddable":true,"href":"https:\/\/plazajuarez.mx\/historico\/wp-json\/wp\/v2\/users\/93"}],"replies":[{"embeddable":true,"href":"https:\/\/plazajuarez.mx\/historico\/wp-json\/wp\/v2\/comments?post=23034"}],"version-history":[{"count":0,"href":"https:\/\/plazajuarez.mx\/historico\/wp-json\/wp\/v2\/posts\/23034\/revisions"}],"wp:attachment":[{"href":"https:\/\/plazajuarez.mx\/historico\/wp-json\/wp\/v2\/media?parent=23034"}],"wp:term":[{"taxonomy":"category","embeddable":true,"href":"https:\/\/plazajuarez.mx\/historico\/wp-json\/wp\/v2\/categories?post=23034"},{"taxonomy":"post_tag","embeddable":true,"href":"https:\/\/plazajuarez.mx\/historico\/wp-json\/wp\/v2\/tags?post=23034"}],"curies":[{"name":"wp","href":"https:\/\/api.w.org\/{rel}","templated":true}]}}