{"id":23031,"date":"2016-06-15T12:44:46","date_gmt":"2016-06-15T12:44:46","guid":{"rendered":"http:\/\/plazajuarez.mx\/index\/index.php\/2016\/06\/15\/tecatito-corona-realidad-de-crack\/"},"modified":"2016-06-15T12:44:46","modified_gmt":"2016-06-15T12:44:46","slug":"tecatito-corona-realidad-de-crack","status":"publish","type":"post","link":"https:\/\/plazajuarez.mx\/historico\/tecatito-corona-realidad-de-crack\/","title":{"rendered":"\u201cTECATITO\u201d CORONA, REALIDAD DE CRACK"},"content":{"rendered":"<p style=\"text-align: justify;\">#SELECCI\u00d3N MEXICANA <br \/>\u25cf\u00a0\u00a0\u00a0 EL ATACANTE MEXICANO, SUMA 5 GOLES, desde que fue convocado con el Tri <\/p>\n<p>SURGIMIENTO DE SU APODO<br \/>Monterrey, club del cual surgi\u00f3, es patrocinado por la Cuauht\u00e9moc Moctezuma, y ponerle en la camiseta su apellido \u201cCorona\u201d, era darle publicidad a la competencia. El entonces t\u00e9cnico de Rayados, V\u00edctor Manuel Vucetich, al darse cuenta lo bautiz\u00f3 como \u201cTecatito\u201d. <br \/>Cifras<\/p>\n<p>  <!--more-->  <\/p>\n<p style=\"text-align: justify;\">\n<p>All\u00e1 en Hermosillo, por las calles y tambi\u00e9n por los parques de la calurosa ciudad, Jes\u00fas Manuel Corona Ruiz, \u201cChuchito\u201d, como le dec\u00edan, tomaba el bal\u00f3n y se enfilaba a la porter\u00eda. <br \/>Enfrente de \u00e9l estaban sus amigos\u2026 \u201cEl P\u00faas\u201d, \u201cEl Ara\u00f1a\u201d, \u201cEl Pollo\u201d, \u201cEl Sapo\u201d y algunos otros m\u00e1s. Jes\u00fas Manuel imaginaba, planeaba, intentaba, so\u00f1aba con pasar entre ellos con el bal\u00f3n controlado y anotar un gol\u2026 No lo consegu\u00eda. <br \/>A\u00f1os despu\u00e9s, el sue\u00f1o se hizo realidad y en plena Copa Am\u00e9rica, en partido oficial de la Selecci\u00f3n Mexicana, portando el \u201c10\u201d que alguna vez utiliz\u00f3 su \u00eddolo Cuauht\u00e9moc Blanco. Lo logr\u00f3. Pas\u00f3 entre cinco, seis, \u00bfqui\u00e9n los cuenta? Un reto parecido a los de aquellas tardes en Hermosillo, s\u00f3lo que esta vez s\u00ed lo consigui\u00f3. Anot\u00f3 y de promesa se volvi\u00f3 realidad, figura y crack. <br \/>Ya se habla en todo el mundo del llamado \u201cTecatito\u201d, un joven que a\u00fan parece ni\u00f1o, un ni\u00f1o que comienza a codearse con la gente grande. <br \/>\u2014\u00bfEst\u00e1s en tu momento? <br \/>\u201cSiempre trabajo para estar en mi mejor momento\u2026 S\u00ed lo estoy, pues hay que trabajar para seguir en ese nivel. No hace mucho que empec\u00e9 en esto\u201d. <br \/>\u2014\u00bfHa sido r\u00e1pida tu evoluci\u00f3n? <br \/>\u201cLa verdad es que he crecido mucho de dos a\u00f1os a la fecha. Me han ayudado muchas cosas a madurar, el irme a Europa, la llegada de mi hijo y siempre querer m\u00e1s. Y s\u00ed, he mejorado, estoy muy contento\u201d. <br \/>\u2014\u00bfHan sido duros los golpes? <br \/>\u201cMuy duros, pero es bonito levantarse, as\u00ed te caigas mil, mil 500 veces hay que levantarse el doble. La vida es as\u00ed. Todos hemos tenido algo de experiencia en eso. Cada vez que resbalo, me motivo para levantarme y llegar m\u00e1s lejos\u201d. <br \/>\u2014\u00bfTe gusta jugar donde te pone Osorio, por las bandas? <br \/>\u201cMe siento muy bien en su esquema. Creo que me pone donde necesito y quiero devolver esa confianza a \u00e9l, a mis compa\u00f1eros\u201d. <br \/>\u2014\u00bfDicen que los extremos est\u00e1n en extinci\u00f3n? <br \/>\u201cEl futbol ha cambiado mucho. En eso est\u00e1 lo de los extremos, pero el profe Osorio tiene ese don de leer el futbol muy bien y nos da la confianza para jugar donde nos sentimos c\u00f3modos naturalmente\u201d. <br \/>\u2014\u00bfOsorio tiene un don? <br \/>\u201cClaro que s\u00ed. Estamos muy contentos con \u00e9l y queremos devolverle esa confianza que ha depositado en nosotros\u201d. <br \/>\u2014Dicen que habla mucho y se le entiende poco&#8230; \u00bfUstedes s\u00ed le entienden? <br \/>\u201cYo s\u00ed le entiendo. S\u00e9 lo que quiere, a d\u00f3nde quiere llegar: a la gloria. Aunque parezca dif\u00edcil de entenderlo, \u00e9l siempre busca la gloria, ganar y ganar, es lo que nos han transmitido desde que lleg\u00f3\u201d. <br \/>\u2014\u00bfTe sientes en la \u00e9lite? <br \/>\u201cMe siento feliz, orgulloso. Motivado de estar en este punto en el que alg\u00fan d\u00eda so\u00f1\u00e9 estar, ahora despierto y bueno&#8230; Pienso en mi familia y espero seguir haciendo lo mismo durante varios a\u00f1os m\u00e1s\u201d. <br \/>\u2014Ahora te van a ver m\u00e1s, igual y te dan m\u00e1s patadas&#8230; \u00bfNo te da miedo? <br \/>\u201cPatadas siempre hay, donde vayas y\u2026 miedo\u2026 No hay miedo a nada. Hago lo que me gusta. El miedo siempre estar\u00e1 ah\u00ed, pero creo que es m\u00e1s adrenalina que otra cosa. Yo lo que quiero es luchar y jugar\u201d. <br \/>\u2014\u00bfD\u00f3nde estar\u00edas si no jugaras al futbol? <br \/>\u201cEstudiando, mis padres me inculcaron siempre eso, aunque no me guste mucho. A lo mejor ser\u00eda arquitecto, pero le apost\u00e9 al futbol\u201d. <\/p>\n","protected":false},"excerpt":{"rendered":"<p>#SELECCI\u00d3N MEXICANA \u25cf\u00a0\u00a0\u00a0 EL ATACANTE MEXICANO, SUMA 5 GOLES, desde que fue convocado con el Tri SURGIMIENTO DE SU APODOMonterrey, club del cual surgi\u00f3, es patrocinado por la Cuauht\u00e9moc Moctezuma, y ponerle en la camiseta su apellido \u201cCorona\u201d, era darle publicidad a la competencia. El entonces t\u00e9cnico de Rayados, V\u00edctor Manuel Vucetich, al darse cuenta [&hellip;]<\/p>\n","protected":false},"author":93,"featured_media":0,"comment_status":"open","ping_status":"open","sticky":false,"template":"","format":"standard","meta":{"footnotes":""},"categories":[39],"tags":[],"class_list":["post-23031","post","type-post","status-publish","format-standard","hentry","category-deportiva"],"_links":{"self":[{"href":"https:\/\/plazajuarez.mx\/historico\/wp-json\/wp\/v2\/posts\/23031","targetHints":{"allow":["GET"]}}],"collection":[{"href":"https:\/\/plazajuarez.mx\/historico\/wp-json\/wp\/v2\/posts"}],"about":[{"href":"https:\/\/plazajuarez.mx\/historico\/wp-json\/wp\/v2\/types\/post"}],"author":[{"embeddable":true,"href":"https:\/\/plazajuarez.mx\/historico\/wp-json\/wp\/v2\/users\/93"}],"replies":[{"embeddable":true,"href":"https:\/\/plazajuarez.mx\/historico\/wp-json\/wp\/v2\/comments?post=23031"}],"version-history":[{"count":0,"href":"https:\/\/plazajuarez.mx\/historico\/wp-json\/wp\/v2\/posts\/23031\/revisions"}],"wp:attachment":[{"href":"https:\/\/plazajuarez.mx\/historico\/wp-json\/wp\/v2\/media?parent=23031"}],"wp:term":[{"taxonomy":"category","embeddable":true,"href":"https:\/\/plazajuarez.mx\/historico\/wp-json\/wp\/v2\/categories?post=23031"},{"taxonomy":"post_tag","embeddable":true,"href":"https:\/\/plazajuarez.mx\/historico\/wp-json\/wp\/v2\/tags?post=23031"}],"curies":[{"name":"wp","href":"https:\/\/api.w.org\/{rel}","templated":true}]}}