{"id":23028,"date":"2016-06-15T12:43:56","date_gmt":"2016-06-15T12:43:56","guid":{"rendered":"http:\/\/plazajuarez.mx\/index\/index.php\/2016\/06\/15\/futbol-nacional-480\/"},"modified":"2016-06-15T12:43:56","modified_gmt":"2016-06-15T12:43:56","slug":"futbol-nacional-480","status":"publish","type":"post","link":"https:\/\/plazajuarez.mx\/historico\/futbol-nacional-480\/","title":{"rendered":"Futbol Nacional"},"content":{"rendered":"<p style=\"text-align: justify;\">#REBA\u00d1O SAGRADO<br \/>Jaime Ordiales sale desilusionado de Chivas <br \/>\u25cf\u00a0\u00a0\u00a0 Jaime aclar\u00f3 que abandona el Reba\u00f1o Sagrado &#8220;desilusionado y consternado&#8221; porque el proyecto de largo plazo que se trazaron no pudo llevarse a cabo<\/p>\n<p>  <!--more-->  <\/p>\n<p style=\"text-align: justify;\">DATO<br \/>El ex auxiliar de V\u00edctor Manuel Vucetich en Gallos Blancos comunic\u00f3 que la decisi\u00f3n que ten\u00eda que marcharse del club se la informaron el viernes de la semana pasada<\/p>\n<p>El exfutbolista, Jaime Ordiales, indic\u00f3 que Jos\u00e9 Luis Higuera le inform\u00f3 tras el R\u00e9gimen de Trasferencias de la Liga MX que dejar\u00eda de ser director deportivo de Chivas pues dicha posici\u00f3n dejar\u00e1 de existir porque Mat\u00edas Almeyda controlar\u00e1 la parte deportiva. En conferencia de prensa y sin la compa\u00f1\u00eda de alg\u00fan miembro de la instituci\u00f3n, Ordiales indic\u00f3 que no responder\u00eda preguntas y se limit\u00f3 a leer un comunicado explicando su salida del club a menos de un a\u00f1o de ser contratado.<br \/>Jaime aclar\u00f3 que abandona el Reba\u00f1o Sagrado &#8220;desilusionado y consternado&#8221; porque el proyecto de largo plazo que se trazaron no pudo llevarse a cabo a pesar de que se entregaron resultados importantes en un momento muy dif\u00edcil para el equipo rojiblanco.<br \/>El ex auxiliar de V\u00edctor Manuel Vucetich en Gallos Blancos comunic\u00f3 que la decisi\u00f3n que ten\u00eda que marcharse del club se la informaron el viernes de la semana pasada y los motivos fueron porque el modelo del equipo hab\u00eda cambiado y su posici\u00f3n como director deportivo ser\u00e1 parte de las nuevas responsabilidades de Almeyda.<br \/>Ese espacio (director deportivo) ser\u00eda cubierto por Almeyda y Jos\u00e9 Luis Higuera.<br \/>**<br \/>#GUADALAJARA<br \/>\u201cGALLITO\u201d JAM\u00c1S PENS\u00d3 ESTAR EN CHIVAS <br \/>Aunque de ni\u00f1o, cuando era delantero, celebraba sus goles como la exfigura del Reba\u00f1o, Gustavo &#8216;Gusano&#8217; N\u00e1poles, el mediocampista Jos\u00e9 Juan \u2018Gallito\u2019 V\u00e1zquez no imaginaba siquiera ser alg\u00fan d\u00eda jugador de Chivas. Ahora que pertenece a los rojiblancos est\u00e1 agradecido y desea triunfar.<br \/>&#8220;Nunca, ni en el sue\u00f1o, yo creo, siempre de chico lo que quieres es jugar al futbol y ahora se me da la oportunidad en esta gran instituci\u00f3n. Es un gran equipo, grandes seres humanos, buenos tipos y eso habla muy bien&#8221;, dijo V\u00e1zquez G\u00f3mez durante la pretemporada en Canc\u00fan, en sus primeras palabras como jugador del conjunto tapat\u00edo.<br \/>El mediocampista de 28 a\u00f1os de edad, que jug\u00f3 de 2012 a 2016 con el Le\u00f3n y sali\u00f3 bicampe\u00f3n de liga, llega a las Chivas en compra definitiva para la pr\u00f3xima temporada, siendo apenas su segundo club en su carrera profesional en Primera Divisi\u00f3n. Pese que ya tiene un recorrido ganador, con torneos internacionales y un mundial de futbol, el &#8216;Gallito&#8217; a\u00fan tiene hambre de triunfo.<br \/>&#8220;(Aportar) en hacer buen grupo, siempre sumar, eso motiva para salir adelante, y mi humildad, sencillez y las ganas de querer triunfar. Mucho quisieran estar aqu\u00ed en mi lugar, yo soy afortunado y lo agradezco para entregarme totalmente.<br \/>**<br \/>La M\u00e1quina\u00a0 quiere\u00a0 a como d\u00e9 lugar buenas contrataciones <br \/>Cruz Azul se encuentra en la conformaci\u00f3n de su plantilla y tras la contrataci\u00f3n de Adri\u00e1n Aldrete como lateral izquierdo y el cercano fichaje de Juli\u00e1n Vel\u00e1zquez en la defensa central, La M\u00e1quina busca un volante de contenci\u00f3n como tercer refuerzo para el Apertura 2016.<br \/>El presidente de la instituci\u00f3n, Guillermo \u00c1lvarez, expuso que el equipo busca a un mediocampista extranjero. &#8220;Estamos pendientes del medio volante de contenci\u00f3n que se encuentra en este momento compitiendo con su selecci\u00f3n&#8221;.<br \/>\u00c1lvarez a\u00f1adi\u00f3 que &#8220;es extranjero, act\u00faa en el f\u00fatbol mexicano y est\u00e1 con la selecci\u00f3n de su pa\u00eds&#8221;.<br \/>Con esto, el empresario reafirma que el elemento que podr\u00eda ser el elegido para ocupar ese puesto es Francisco Silva, quien pertenece a Chiapas y juega con la selecci\u00f3n de Chile.<br \/>Sobre la incorporaci\u00f3n de Vel\u00e1zquez, expuso que el central realiz\u00f3 pruebas f\u00edsicas y est\u00e1n a la espera de conocer los resultados. &#8220;Todav\u00eda no tenemos el reporte que el doctor Alfonso Jim\u00e9nez tiene que darnos, pero principalmente su incorporaci\u00f3n ser\u00e1 derivada de que pase los ex\u00e1menes&#8221;.<\/p>\n","protected":false},"excerpt":{"rendered":"<p>#REBA\u00d1O SAGRADOJaime Ordiales sale desilusionado de Chivas \u25cf\u00a0\u00a0\u00a0 Jaime aclar\u00f3 que abandona el Reba\u00f1o Sagrado &#8220;desilusionado y consternado&#8221; porque el proyecto de largo plazo que se trazaron no pudo llevarse a cabo<\/p>\n","protected":false},"author":93,"featured_media":0,"comment_status":"open","ping_status":"open","sticky":false,"template":"","format":"standard","meta":{"footnotes":""},"categories":[39],"tags":[],"class_list":["post-23028","post","type-post","status-publish","format-standard","hentry","category-deportiva"],"_links":{"self":[{"href":"https:\/\/plazajuarez.mx\/historico\/wp-json\/wp\/v2\/posts\/23028","targetHints":{"allow":["GET"]}}],"collection":[{"href":"https:\/\/plazajuarez.mx\/historico\/wp-json\/wp\/v2\/posts"}],"about":[{"href":"https:\/\/plazajuarez.mx\/historico\/wp-json\/wp\/v2\/types\/post"}],"author":[{"embeddable":true,"href":"https:\/\/plazajuarez.mx\/historico\/wp-json\/wp\/v2\/users\/93"}],"replies":[{"embeddable":true,"href":"https:\/\/plazajuarez.mx\/historico\/wp-json\/wp\/v2\/comments?post=23028"}],"version-history":[{"count":0,"href":"https:\/\/plazajuarez.mx\/historico\/wp-json\/wp\/v2\/posts\/23028\/revisions"}],"wp:attachment":[{"href":"https:\/\/plazajuarez.mx\/historico\/wp-json\/wp\/v2\/media?parent=23028"}],"wp:term":[{"taxonomy":"category","embeddable":true,"href":"https:\/\/plazajuarez.mx\/historico\/wp-json\/wp\/v2\/categories?post=23028"},{"taxonomy":"post_tag","embeddable":true,"href":"https:\/\/plazajuarez.mx\/historico\/wp-json\/wp\/v2\/tags?post=23028"}],"curies":[{"name":"wp","href":"https:\/\/api.w.org\/{rel}","templated":true}]}}