{"id":23027,"date":"2016-06-15T12:42:15","date_gmt":"2016-06-15T12:42:15","guid":{"rendered":"http:\/\/plazajuarez.mx\/index\/index.php\/2016\/06\/15\/inversion-privada-en-telecomunicaciones-sct\/"},"modified":"2016-06-15T12:42:15","modified_gmt":"2016-06-15T12:42:15","slug":"inversion-privada-en-telecomunicaciones-sct","status":"publish","type":"post","link":"https:\/\/plazajuarez.mx\/historico\/inversion-privada-en-telecomunicaciones-sct\/","title":{"rendered":"Inversi\u00f3n privada en telecomunicaciones: SCT"},"content":{"rendered":"<p style=\"text-align: justify;\">M\u00e1s de 20 mil millones de pesos en el sexenio<br \/>\u25cf\u00a0\u00a0\u00a0 \u201cFundamental para que haya m\u00e1s competencia\u201d<\/p>\n<p>  <!--more-->  <\/p>\n<p style=\"text-align: justify;\">La inversi\u00f3n privada en telecomunicaciones podr\u00eda cerrar el sexenio con m\u00e1s de 20 mil millones de d\u00f3lares, asegur\u00f3 el secretario de Comunicaciones y Transportes, Gerardo Ru\u00edz Esparza, al destacar que la inversi\u00f3n es elemento fundamental para que haya m\u00e1s competencia en el mercado.<br \/>Durante la conmemoraci\u00f3n del tercer aniversario de la reforma constitucional al sector, se realizaron los primeros enlaces del sat\u00e9lite Morelos 3, que a 36 mil kil\u00f3metros de la tierra conect\u00f3 a un contingente de la Secretar\u00eda de la Defensa Nacional que realizaba un patrullaje en Tijuana; y una base de la Marina Armada de M\u00e9xico ubicado en la Isla Socorro del archipi\u00e9lago de Revillagigedo, el m\u00e1s aislado del pa\u00eds.<br \/>A este encuentro concurrieron representantes de las empresas del sector como H\u00e9ctor Slim por Telmex, y Ernesto Vargas de MVS. Ru\u00edz Esparza y el presidente del Instituto Federal de Telecomunicaciones , Gabriel Contreras coincidieron en que el origen de la reforma fue la falta de competencia en el mercado mexicano, local cambi\u00f3 y ahora se refleja en precios m\u00e1s bajos para los usuarios, m\u00e1s oferta y m\u00e1s participantes en el mercado.<\/p>\n","protected":false},"excerpt":{"rendered":"<p>M\u00e1s de 20 mil millones de pesos en el sexenio\u25cf\u00a0\u00a0\u00a0 \u201cFundamental para que haya m\u00e1s competencia\u201d<\/p>\n","protected":false},"author":93,"featured_media":0,"comment_status":"open","ping_status":"open","sticky":false,"template":"","format":"standard","meta":{"footnotes":""},"categories":[36],"tags":[],"class_list":["post-23027","post","type-post","status-publish","format-standard","hentry","category-nacion"],"_links":{"self":[{"href":"https:\/\/plazajuarez.mx\/historico\/wp-json\/wp\/v2\/posts\/23027","targetHints":{"allow":["GET"]}}],"collection":[{"href":"https:\/\/plazajuarez.mx\/historico\/wp-json\/wp\/v2\/posts"}],"about":[{"href":"https:\/\/plazajuarez.mx\/historico\/wp-json\/wp\/v2\/types\/post"}],"author":[{"embeddable":true,"href":"https:\/\/plazajuarez.mx\/historico\/wp-json\/wp\/v2\/users\/93"}],"replies":[{"embeddable":true,"href":"https:\/\/plazajuarez.mx\/historico\/wp-json\/wp\/v2\/comments?post=23027"}],"version-history":[{"count":0,"href":"https:\/\/plazajuarez.mx\/historico\/wp-json\/wp\/v2\/posts\/23027\/revisions"}],"wp:attachment":[{"href":"https:\/\/plazajuarez.mx\/historico\/wp-json\/wp\/v2\/media?parent=23027"}],"wp:term":[{"taxonomy":"category","embeddable":true,"href":"https:\/\/plazajuarez.mx\/historico\/wp-json\/wp\/v2\/categories?post=23027"},{"taxonomy":"post_tag","embeddable":true,"href":"https:\/\/plazajuarez.mx\/historico\/wp-json\/wp\/v2\/tags?post=23027"}],"curies":[{"name":"wp","href":"https:\/\/api.w.org\/{rel}","templated":true}]}}