{"id":230103,"date":"2022-09-15T07:52:19","date_gmt":"2022-09-15T12:52:19","guid":{"rendered":"https:\/\/plazajuarez.mx\/?p=230103"},"modified":"2022-09-15T07:52:24","modified_gmt":"2022-09-15T12:52:24","slug":"proyectara-secturh-a-la-charreria","status":"publish","type":"post","link":"https:\/\/plazajuarez.mx\/historico\/proyectara-secturh-a-la-charreria\/","title":{"rendered":"Proyectar\u00e1 Secturh a la charrer\u00eda\u00a0"},"content":{"rendered":"\n<p>En representaci\u00f3n del gobernador Julio Menchaca Salazar, la titular de la Secretar\u00eda de Turismo de Hidalgo (Secturh), Elizabeth Quintanar G\u00f3mez, asisti\u00f3 a la conmemoraci\u00f3n del D\u00eda del Charro en el marco del 212 aniversario de la Independencia de M\u00e9xico.&nbsp;<\/p>\n\n\n\n<p>Durante la guardia de honor, la secretaria Elizabeth Quintanar expres\u00f3 su benepl\u00e1cito y afici\u00f3n por la charrer\u00eda, as\u00ed como su admiraci\u00f3n por los hombres y las mujeres de a caballo, que se visten de M\u00e9xico.&nbsp;<\/p>\n\n\n\n<p>Record\u00f3 con emoci\u00f3n que su padre le inculc\u00f3 el amor por la charrer\u00eda, por eso para ella este momento fue muy especial, y si la agenda laboral se lo permite -afirm\u00f3-asistir\u00e1 cada a\u00f1o, a los congresos y a cada fiesta charra, con el compromiso de la Secretar\u00eda de Turismo y del gobernador por ensalzar estos seis a\u00f1os a la Charrer\u00eda. \u201cVa a ser el sexenio de la charrer\u00eda junto con otros elementos, productos y servicios tur\u00edsticos para que volteen a ver a Hidalgo\u201d.<\/p>\n\n\n\n<p>\u201cMe comprometo a decirle al mundo entero, que Hidalgo es Cuna de la charrer\u00eda, que por primera vez est\u00e1 actividad fue constituida en los llanos de Apan, y que todos los hombres y mujeres de a caballo hacen grande a M\u00e9xico y hacen grande a Hidalgo\u201d, puntualiz\u00f3.&nbsp;<\/p>\n\n\n\n<p>Reiter\u00f3 la felicitaci\u00f3n a quienes practican el deporte nacional, a quienes les expres\u00f3 su respeto y disposici\u00f3n para impulsar las actividades que realizan.<\/p>\n","protected":false},"excerpt":{"rendered":"<p>En representaci\u00f3n del gobernador Julio Menchaca Salazar, la titular de la Secretar\u00eda de Turismo de Hidalgo (Secturh), Elizabeth Quintanar G\u00f3mez, asisti\u00f3 a la conmemoraci\u00f3n del D\u00eda del Charro en el marco del 212 aniversario de la Independencia de M\u00e9xico.&nbsp; Durante la guardia de honor, la secretaria Elizabeth Quintanar expres\u00f3 su benepl\u00e1cito y afici\u00f3n por la [&hellip;]<\/p>\n","protected":false},"author":93,"featured_media":230104,"comment_status":"closed","ping_status":"closed","sticky":false,"template":"","format":"standard","meta":{"footnotes":""},"categories":[59,2159],"tags":[],"class_list":["post-230103","post","type-post","status-publish","format-standard","has-post-thumbnail","hentry","category-general","category-noticias-de-hidalgo"],"_links":{"self":[{"href":"https:\/\/plazajuarez.mx\/historico\/wp-json\/wp\/v2\/posts\/230103","targetHints":{"allow":["GET"]}}],"collection":[{"href":"https:\/\/plazajuarez.mx\/historico\/wp-json\/wp\/v2\/posts"}],"about":[{"href":"https:\/\/plazajuarez.mx\/historico\/wp-json\/wp\/v2\/types\/post"}],"author":[{"embeddable":true,"href":"https:\/\/plazajuarez.mx\/historico\/wp-json\/wp\/v2\/users\/93"}],"replies":[{"embeddable":true,"href":"https:\/\/plazajuarez.mx\/historico\/wp-json\/wp\/v2\/comments?post=230103"}],"version-history":[{"count":0,"href":"https:\/\/plazajuarez.mx\/historico\/wp-json\/wp\/v2\/posts\/230103\/revisions"}],"wp:featuredmedia":[{"embeddable":true,"href":"https:\/\/plazajuarez.mx\/historico\/wp-json\/wp\/v2\/media\/230104"}],"wp:attachment":[{"href":"https:\/\/plazajuarez.mx\/historico\/wp-json\/wp\/v2\/media?parent=230103"}],"wp:term":[{"taxonomy":"category","embeddable":true,"href":"https:\/\/plazajuarez.mx\/historico\/wp-json\/wp\/v2\/categories?post=230103"},{"taxonomy":"post_tag","embeddable":true,"href":"https:\/\/plazajuarez.mx\/historico\/wp-json\/wp\/v2\/tags?post=230103"}],"curies":[{"name":"wp","href":"https:\/\/api.w.org\/{rel}","templated":true}]}}