{"id":230098,"date":"2022-09-15T07:50:09","date_gmt":"2022-09-15T12:50:09","guid":{"rendered":"https:\/\/plazajuarez.mx\/?p=230098"},"modified":"2022-09-15T07:50:16","modified_gmt":"2022-09-15T12:50:16","slug":"crean-ley-de-fomento-y-proteccion-del-maiz-nativo","status":"publish","type":"post","link":"https:\/\/plazajuarez.mx\/historico\/crean-ley-de-fomento-y-proteccion-del-maiz-nativo\/","title":{"rendered":"Crean Ley de Fomento y Protecci\u00f3n del Ma\u00edz Nativo"},"content":{"rendered":"\n<p>Diputados integrantes de la 65 legislatura, aprobaron el dictamen para la creaci\u00f3n de la&nbsp; Ley de Fomento y Protecci\u00f3n del Ma\u00edz Nativo del Estado de Hidalgo, que ocupa el 95 por ciento de la superficie de temporal sembrada por este producto, seg\u00fan lo dieron a&nbsp; conocer durante la sesi\u00f3n de ayer.<\/p>\n\n\n\n<p>Destacaron que en Hidalgo son 200 mil hect\u00e1reas, y argumentaron que el ma\u00edz nativo tiene un papel muy importante en la econom\u00eda, cultura, salud, tradici\u00f3n y alimentaci\u00f3n en la sociedad hidalguense, pero que no se ten\u00eda garantizado el derecho de acceso y preservaci\u00f3n de este ma\u00edz y tampoco es posible acceder a los apoyos para su rescate.&nbsp;<\/p>\n\n\n\n<p>Con la normativa aprobada, se deber\u00e1n crear mecanismos institucionales para la protecci\u00f3n y fomento del ma\u00edz nativo y en diversificaci\u00f3n, la creaci\u00f3n de bancos comunitarios de semillas de ma\u00edz nativo, as\u00ed como del Consejo del Ma\u00edz Nativo del Estado de Hidalgo (COMNEH).<\/p>\n\n\n\n<p>Una vez publicada en el Peri\u00f3dico Oficial del Estado de Hidalgo (POEH), el gobierno estatal tendr\u00e1 un plazo de 120 d\u00edas para emitir las disposiciones administrativas.<\/p>\n","protected":false},"excerpt":{"rendered":"<p>Diputados integrantes de la 65 legislatura, aprobaron el dictamen para la creaci\u00f3n de la&nbsp; Ley de Fomento y Protecci\u00f3n del Ma\u00edz Nativo del Estado de Hidalgo, que ocupa el 95 por ciento de la superficie de temporal sembrada por este producto, seg\u00fan lo dieron a&nbsp; conocer durante la sesi\u00f3n de ayer. Destacaron que en Hidalgo [&hellip;]<\/p>\n","protected":false},"author":72,"featured_media":230099,"comment_status":"closed","ping_status":"closed","sticky":false,"template":"","format":"standard","meta":{"footnotes":""},"categories":[59,2159],"tags":[],"class_list":["post-230098","post","type-post","status-publish","format-standard","has-post-thumbnail","hentry","category-general","category-noticias-de-hidalgo"],"_links":{"self":[{"href":"https:\/\/plazajuarez.mx\/historico\/wp-json\/wp\/v2\/posts\/230098","targetHints":{"allow":["GET"]}}],"collection":[{"href":"https:\/\/plazajuarez.mx\/historico\/wp-json\/wp\/v2\/posts"}],"about":[{"href":"https:\/\/plazajuarez.mx\/historico\/wp-json\/wp\/v2\/types\/post"}],"author":[{"embeddable":true,"href":"https:\/\/plazajuarez.mx\/historico\/wp-json\/wp\/v2\/users\/72"}],"replies":[{"embeddable":true,"href":"https:\/\/plazajuarez.mx\/historico\/wp-json\/wp\/v2\/comments?post=230098"}],"version-history":[{"count":0,"href":"https:\/\/plazajuarez.mx\/historico\/wp-json\/wp\/v2\/posts\/230098\/revisions"}],"wp:featuredmedia":[{"embeddable":true,"href":"https:\/\/plazajuarez.mx\/historico\/wp-json\/wp\/v2\/media\/230099"}],"wp:attachment":[{"href":"https:\/\/plazajuarez.mx\/historico\/wp-json\/wp\/v2\/media?parent=230098"}],"wp:term":[{"taxonomy":"category","embeddable":true,"href":"https:\/\/plazajuarez.mx\/historico\/wp-json\/wp\/v2\/categories?post=230098"},{"taxonomy":"post_tag","embeddable":true,"href":"https:\/\/plazajuarez.mx\/historico\/wp-json\/wp\/v2\/tags?post=230098"}],"curies":[{"name":"wp","href":"https:\/\/api.w.org\/{rel}","templated":true}]}}