{"id":230082,"date":"2022-09-15T07:43:12","date_gmt":"2022-09-15T12:43:12","guid":{"rendered":"https:\/\/plazajuarez.mx\/?p=230082"},"modified":"2022-09-15T07:43:18","modified_gmt":"2022-09-15T12:43:18","slug":"fiestas-patriasya-no-es-como-antes","status":"publish","type":"post","link":"https:\/\/plazajuarez.mx\/historico\/fiestas-patriasya-no-es-como-antes\/","title":{"rendered":"FIESTAS PATRIAS\u2026YA NO ES COMO ANTES"},"content":{"rendered":"\n<h2 class=\"wp-block-heading\"><strong>ALFIL NEGRO<\/strong><\/h2>\n\n\n\n<p>Las fiestas patrias se convierten, sobre todo en la ni\u00f1ez, en una verdadera escuela de sentimientos c\u00edvicos que fortalecen el amor por M\u00e9xico, por sus s\u00edmbolos como la bandera, el himno, la escuela, los maestros, el Presidente de la Rep\u00fablica, las personas mayores y la familia.<\/p>\n\n\n\n<p>Desde peque\u00f1os en la escuela aprendimos el respeto por nuestra bandera, y sab\u00edamos porque as\u00ed nos lo ense\u00f1aron los maestros, que deb\u00edamos guardar compostura, empezando por ponerse de pie al paso de la ense\u00f1a tricolor porque representa a nuestro pa\u00eds y todo lo que encierra este concepto.<\/p>\n\n\n\n<p>Muchas cosas han cambiado, cuando en un estado como Nayarit cambiaron los colores de la bandera para poner los colores de Morena, en una acci\u00f3n torpe que intent\u00f3 sacar raja pol\u00edtica de un s\u00edmbolo que por lo menos en nuestros tiempos de ni\u00f1os nos ense\u00f1aron que es sagrada.<\/p>\n\n\n\n<p>Ahora intentaron convertirla en propaganda grilla, lo que habla de un partido que perdi\u00f3 la cordura y con el poder en la mano piensa por lo que se ve que, no hay m\u00e1s ley que sus ocurrencias.<\/p>\n\n\n\n<p>En esos tiempos, como dice la frase evang\u00e9lica, en la escuela a muchos de nosotros nos ense\u00f1aron que la autoridad era una realidad respetable y que deb\u00eda ser tratada en esa idea. Ahora la autoridad no tiene el respeto de la ciudadan\u00eda, y por el contrario se han convertido en la burla de muchos que los exhiben como se les da la gana, sobre todo en las redes sociales donde muchas veces con raz\u00f3n hacen de las figuras p\u00fablicas sujetos de burlas y de ofensas.<\/p>\n\n\n\n<p>Ahora que mucho de esto lo provocan esas figuras, por actitudes de abusos y de convertir a la pol\u00edtica en el mejor negocio de sus vidas con ganancias muy buenas en poder y dinero, que extienden a hijos y familias as\u00ed como amigos, y muchas veces con actitudes de soberbia en que muestran sus riquezas y bienes.<\/p>\n\n\n\n<p>Por lo que se ve ya no son lo mismo ni la gente ni las autoridades.<\/p>\n\n\n\n<p>No, las cosas ya no son como antes.<\/p>\n\n\n\n<p>La ceremonia del grito ten\u00eda un encanto especial, por la forma en que se recordaba a Don Miguel Hidalgo, a la Corregidora, a Allende, y a todos los h\u00e9roes del inicio de la guerra de independencia.<\/p>\n\n\n\n<p>Ahora mucho de ese sentimiento se ha perdido, porque desde el que da el grito se cambian las cosas y se lanzan vivas a los intereses pol\u00edticos de cada autoridad, lo que desvirt\u00faa el sentido de sacralizaci\u00f3n que ten\u00edan los v\u00edtores.<\/p>\n\n\n\n<p>Se ten\u00eda un respeto especial por las fuerzas armadas.<\/p>\n\n\n\n<p>Ahora con todo lo qu\u00e9 pasa en su entorno, en que se les convierte en apoyo total del gobierno con todos los enredos grillos que se dan, en que el PRI aparece como el gran vendedor de lo que le queda, la figura del ej\u00e9rcito pierde fuerza ante todos.<\/p>\n\n\n\n<p>No, ya no es como antes.<\/p>\n\n\n\n<p>Sin embargo la guerra de independencia no depende en su grandeza de lo que hagan o digan las gentes del poder, sino en lo que significa para nosotros los mexicanos en su sentido de libertad y de inicio de naci\u00f3n soberana.<\/p>\n\n\n\n<p>Pero por todo lo que se vive en esta hora, es evidente que ya no es como antes.<\/p>\n\n\n\n<p>Sobre todo porque se pretende convertir estas fiestas en un eslab\u00f3n de intereses pol\u00edticos, en que se busca hacerlas parte de grilla y lucha por el poder.<\/p>\n","protected":false},"excerpt":{"rendered":"<p>ALFIL NEGRO Las fiestas patrias se convierten, sobre todo en la ni\u00f1ez, en una verdadera escuela de sentimientos c\u00edvicos que fortalecen el amor por M\u00e9xico, por sus s\u00edmbolos como la bandera, el himno, la escuela, los maestros, el Presidente de la Rep\u00fablica, las personas mayores y la familia. Desde peque\u00f1os en la escuela aprendimos el [&hellip;]<\/p>\n","protected":false},"author":83,"featured_media":208526,"comment_status":"closed","ping_status":"closed","sticky":false,"template":"","format":"standard","meta":{"footnotes":""},"categories":[48,42],"tags":[],"class_list":["post-230082","post","type-post","status-publish","format-standard","has-post-thumbnail","hentry","category-adalberto-peralta","category-nuestrapalabra"],"_links":{"self":[{"href":"https:\/\/plazajuarez.mx\/historico\/wp-json\/wp\/v2\/posts\/230082","targetHints":{"allow":["GET"]}}],"collection":[{"href":"https:\/\/plazajuarez.mx\/historico\/wp-json\/wp\/v2\/posts"}],"about":[{"href":"https:\/\/plazajuarez.mx\/historico\/wp-json\/wp\/v2\/types\/post"}],"author":[{"embeddable":true,"href":"https:\/\/plazajuarez.mx\/historico\/wp-json\/wp\/v2\/users\/83"}],"replies":[{"embeddable":true,"href":"https:\/\/plazajuarez.mx\/historico\/wp-json\/wp\/v2\/comments?post=230082"}],"version-history":[{"count":0,"href":"https:\/\/plazajuarez.mx\/historico\/wp-json\/wp\/v2\/posts\/230082\/revisions"}],"wp:featuredmedia":[{"embeddable":true,"href":"https:\/\/plazajuarez.mx\/historico\/wp-json\/wp\/v2\/media\/208526"}],"wp:attachment":[{"href":"https:\/\/plazajuarez.mx\/historico\/wp-json\/wp\/v2\/media?parent=230082"}],"wp:term":[{"taxonomy":"category","embeddable":true,"href":"https:\/\/plazajuarez.mx\/historico\/wp-json\/wp\/v2\/categories?post=230082"},{"taxonomy":"post_tag","embeddable":true,"href":"https:\/\/plazajuarez.mx\/historico\/wp-json\/wp\/v2\/tags?post=230082"}],"curies":[{"name":"wp","href":"https:\/\/api.w.org\/{rel}","templated":true}]}}