{"id":230076,"date":"2022-09-15T07:40:06","date_gmt":"2022-09-15T12:40:06","guid":{"rendered":"https:\/\/plazajuarez.mx\/?p=230076"},"modified":"2022-09-15T07:40:25","modified_gmt":"2022-09-15T12:40:25","slug":"dese-por-enterado-1021","status":"publish","type":"post","link":"https:\/\/plazajuarez.mx\/historico\/dese-por-enterado-1021\/","title":{"rendered":"DESE POR ENTERADO"},"content":{"rendered":"\n<p><strong>LIBRAMIENTO HUASCA-PACHUCA, TODO EL APOYO PRESIDENCIAL<\/strong>. \u2013 Para quienes andaban con la idea de meter ruido en la relaci\u00f3n que guarda el gobernador, <strong>Julio Menchaca, con el presidente, Andr\u00e9s Manuel L\u00f3pez Obrador<\/strong>, el anuncio que ayer hizo el mandatario estatal de la construcci\u00f3n del libramiento Huasca-Pachuca, libre de peaje y con varios t\u00faneles, dej\u00f3 muy, pero muy en claro que el apoyo de la federaci\u00f3n para Hidalgo viene, y viene fuerte. Los hechos hablan m\u00e1s que mil palabras, esa es la realidad, y con este anuncio, <strong>Julio Menchaca<\/strong> da el primer paso en el objetivo central de su administraci\u00f3n, de transformar la realidad de Hidalgo. Sin duda un anuncio fundamental en los primeros d\u00edas de la naciente administraci\u00f3n.<\/p>\n\n\n\n<figure class=\"wp-block-image size-full\"><img loading=\"lazy\" decoding=\"async\" width=\"2048\" height=\"1366\" src=\"https:\/\/plazajuarez.mx\/historico\/historico\/wp-content\/uploads\/2022\/09\/LIBRAMIENTO-HUASCA-PACHUCA-TODO-EL-APOYO-PRESIDENCIAL.-\u2013Cortesi\u0301a-.jpg\" alt=\"\" class=\"wp-image-230077\" srcset=\"https:\/\/plazajuarez.mx\/historico\/wp-content\/uploads\/2022\/09\/LIBRAMIENTO-HUASCA-PACHUCA-TODO-EL-APOYO-PRESIDENCIAL.-\u2013Cortesi\u0301a-.jpg 2048w, https:\/\/plazajuarez.mx\/historico\/wp-content\/uploads\/2022\/09\/LIBRAMIENTO-HUASCA-PACHUCA-TODO-EL-APOYO-PRESIDENCIAL.-\u2013Cortesi\u0301a--768x512.jpg 768w, https:\/\/plazajuarez.mx\/historico\/wp-content\/uploads\/2022\/09\/LIBRAMIENTO-HUASCA-PACHUCA-TODO-EL-APOYO-PRESIDENCIAL.-\u2013Cortesi\u0301a--1536x1025.jpg 1536w, https:\/\/plazajuarez.mx\/historico\/wp-content\/uploads\/2022\/09\/LIBRAMIENTO-HUASCA-PACHUCA-TODO-EL-APOYO-PRESIDENCIAL.-\u2013Cortesi\u0301a--274x183.jpg 274w, https:\/\/plazajuarez.mx\/historico\/wp-content\/uploads\/2022\/09\/LIBRAMIENTO-HUASCA-PACHUCA-TODO-EL-APOYO-PRESIDENCIAL.-\u2013Cortesi\u0301a--80x54.jpg 80w, https:\/\/plazajuarez.mx\/historico\/wp-content\/uploads\/2022\/09\/LIBRAMIENTO-HUASCA-PACHUCA-TODO-EL-APOYO-PRESIDENCIAL.-\u2013Cortesi\u0301a--130x87.jpg 130w, https:\/\/plazajuarez.mx\/historico\/wp-content\/uploads\/2022\/09\/LIBRAMIENTO-HUASCA-PACHUCA-TODO-EL-APOYO-PRESIDENCIAL.-\u2013Cortesi\u0301a--359x240.jpg 359w, https:\/\/plazajuarez.mx\/historico\/wp-content\/uploads\/2022\/09\/LIBRAMIENTO-HUASCA-PACHUCA-TODO-EL-APOYO-PRESIDENCIAL.-\u2013Cortesi\u0301a--85x57.jpg 85w, https:\/\/plazajuarez.mx\/historico\/wp-content\/uploads\/2022\/09\/LIBRAMIENTO-HUASCA-PACHUCA-TODO-EL-APOYO-PRESIDENCIAL.-\u2013Cortesi\u0301a--546x365.jpg 546w, https:\/\/plazajuarez.mx\/historico\/wp-content\/uploads\/2022\/09\/LIBRAMIENTO-HUASCA-PACHUCA-TODO-EL-APOYO-PRESIDENCIAL.-\u2013Cortesi\u0301a--165x109.jpg 165w, https:\/\/plazajuarez.mx\/historico\/wp-content\/uploads\/2022\/09\/LIBRAMIENTO-HUASCA-PACHUCA-TODO-EL-APOYO-PRESIDENCIAL.-\u2013Cortesi\u0301a--112x75.jpg 112w, https:\/\/plazajuarez.mx\/historico\/wp-content\/uploads\/2022\/09\/LIBRAMIENTO-HUASCA-PACHUCA-TODO-EL-APOYO-PRESIDENCIAL.-\u2013Cortesi\u0301a--179x120.jpg 179w, https:\/\/plazajuarez.mx\/historico\/wp-content\/uploads\/2022\/09\/LIBRAMIENTO-HUASCA-PACHUCA-TODO-EL-APOYO-PRESIDENCIAL.-\u2013Cortesi\u0301a--170x113.jpg 170w, https:\/\/plazajuarez.mx\/historico\/wp-content\/uploads\/2022\/09\/LIBRAMIENTO-HUASCA-PACHUCA-TODO-EL-APOYO-PRESIDENCIAL.-\u2013Cortesi\u0301a--81x55.jpg 81w, https:\/\/plazajuarez.mx\/historico\/wp-content\/uploads\/2022\/09\/LIBRAMIENTO-HUASCA-PACHUCA-TODO-EL-APOYO-PRESIDENCIAL.-\u2013Cortesi\u0301a--765x510.jpg 765w\" sizes=\"auto, (max-width: 2048px) 100vw, 2048px\" \/><\/figure>\n\n\n\n<p><strong>PUES, \u00bfQU\u00c9 PASA EN LA UAEH?<\/strong> \u2013 Ya no sabemos si re\u00edr o llorar con los cambios que se registran en la Universidad Aut\u00f3noma del Estado de Hidalgo, que por lo mientras incluyeron la salida de <strong>Adolfo Pontigo Loyola<\/strong> como rector, quien fue renunciado por ustedes ya saben qui\u00e9n, porque seg\u00fan dicen voces de doble filo, le jug\u00f3 chueco ahora que estaba en el fresco botell\u00f3n. Pero tambi\u00e9n se habla que en cualquier momento se anuncia una retirada definitiva del Grupo Universidad de la universidad, aunque francamente nadie cree esa versi\u00f3n sacada de qui\u00e9n sabe d\u00f3nde. Pero como en estos tiempos todo puede suceder, pues se lo contamos tal cual.<\/p>\n\n\n\n<figure class=\"wp-block-image size-full\"><img loading=\"lazy\" decoding=\"async\" width=\"854\" height=\"853\" src=\"https:\/\/plazajuarez.mx\/historico\/historico\/wp-content\/uploads\/2022\/09\/PUES-\u00bfQUE\u0301-PASA-EN-LA-UAEH_-\u2013-Especial-.jpg\" alt=\"\" class=\"wp-image-230078\" srcset=\"https:\/\/plazajuarez.mx\/historico\/wp-content\/uploads\/2022\/09\/PUES-\u00bfQUE\u0301-PASA-EN-LA-UAEH_-\u2013-Especial-.jpg 854w, https:\/\/plazajuarez.mx\/historico\/wp-content\/uploads\/2022\/09\/PUES-\u00bfQUE\u0301-PASA-EN-LA-UAEH_-\u2013-Especial--768x767.jpg 768w, https:\/\/plazajuarez.mx\/historico\/wp-content\/uploads\/2022\/09\/PUES-\u00bfQUE\u0301-PASA-EN-LA-UAEH_-\u2013-Especial--36x36.jpg 36w\" sizes=\"auto, (max-width: 854px) 100vw, 854px\" \/><\/figure>\n\n\n\n<p><strong>\u201cESTOY LLENO DE MANTEQUILLA\u201d, DIJO FRANCISCO XAVIER, POL\u00cdTICO DE PALABRA<\/strong>. \u2013 Vaya que hac\u00eda falta un personaje como el cantante Francisco Xavier, para darle sabor a las reuniones del Congreso local. Todos los legisladores de Morena, pr\u00e1cticamente con l\u00e1grimas en los ojos, lo recibieron de regreso a su curul, ahora en calidad de independiente. El siempre leal, siempre cumplidor de su palabra, que no ser\u00e1 la ley como la de El Rey, pero pues es su palabra, lleg\u00f3 cual artista que siempre ha sido y con esas declaraciones que van para la posteridad. De plano a todos dej\u00f3 con el ojo cuadrado por tanta sabidur\u00eda, tanta inteligencia: \u201cestoy lleno de mantequilla, se me resbala todo, me da igual\u201d. Eso s\u00ed, y as\u00ed como con la intenci\u00f3n de convocar al \u201c\u00a1qui\u00e9n da m\u00e1s!\u201d, se\u00f1al\u00f3 que, si al gobernador <strong>Menchaca<\/strong> le sirve de algo que no est\u00e9 como diputado local, \u201cme voy ma\u00f1ana, no tengo problema\u201d. La pregunta de muchos fue inmediata: \u201c\u00bfy cu\u00e1nto pedir\u00e1 ahora por irse?\u201d. \u00bfLe saben algo o hablan al tanteo? \u00bfNo se dan cuenta que est\u00e1n ante el hombre que vale lo que vale su palabra?<\/p>\n\n\n\n<figure class=\"wp-block-image size-full\"><img loading=\"lazy\" decoding=\"async\" width=\"800\" height=\"682\" src=\"https:\/\/plazajuarez.mx\/historico\/historico\/wp-content\/uploads\/2022\/09\/ESTOY-LLENO-DE-MANTEQUILLA-DIJO-FRANCISCO-XAVIER-POLI\u0301TICO-DE-PALABRA.-\u2013-Cortesi\u0301a-.jpeg\" alt=\"\" class=\"wp-image-230079\" srcset=\"https:\/\/plazajuarez.mx\/historico\/wp-content\/uploads\/2022\/09\/ESTOY-LLENO-DE-MANTEQUILLA-DIJO-FRANCISCO-XAVIER-POLI\u0301TICO-DE-PALABRA.-\u2013-Cortesi\u0301a-.jpeg 800w, https:\/\/plazajuarez.mx\/historico\/wp-content\/uploads\/2022\/09\/ESTOY-LLENO-DE-MANTEQUILLA-DIJO-FRANCISCO-XAVIER-POLI\u0301TICO-DE-PALABRA.-\u2013-Cortesi\u0301a--768x655.jpeg 768w\" sizes=\"auto, (max-width: 800px) 100vw, 800px\" \/><\/figure>\n\n\n\n<p><strong>Y YA NOS VAMOS, \u00a1QU\u00c9 VIVA M\u00c9XICO JIJOSDESUN!. \u2013<\/strong> Ma\u00f1ana, le avisamos, no aparecer\u00e1 la edici\u00f3n impresa de su DIARIO PLAZA JU\u00c1REZ, aunque s\u00ed se mantendr\u00e1 la actividad en nuestro portal <a href=\"http:\/\/www.plazajuarez.mx\/historico\/historico\">www.plazajuarez.mx\/historico\/historico<\/a> y en todas nuestras redes sociales. Si puede, vaya al Grito en la Plaza Ju\u00e1rez de Pachuca, o en la plaza principal de su localidad. Festejemos que todav\u00eda tenemos pa\u00eds, le pese a quien le pese, y con todo y los esfuerzos que algunos hacen para desaparecerlo. \u00a1Viva M\u00e9xico!<\/p>\n\n\n\n<figure class=\"wp-block-image size-full\"><img loading=\"lazy\" decoding=\"async\" width=\"640\" height=\"640\" src=\"https:\/\/plazajuarez.mx\/historico\/historico\/wp-content\/uploads\/2022\/09\/Y-YA-NOS-VAMOS-\u00a1QUE\u0301-VIVA-ME\u0301XICO-JIJOSDIUN.jpg\" alt=\"\" class=\"wp-image-230080\" srcset=\"https:\/\/plazajuarez.mx\/historico\/wp-content\/uploads\/2022\/09\/Y-YA-NOS-VAMOS-\u00a1QUE\u0301-VIVA-ME\u0301XICO-JIJOSDIUN.jpg 640w, https:\/\/plazajuarez.mx\/historico\/wp-content\/uploads\/2022\/09\/Y-YA-NOS-VAMOS-\u00a1QUE\u0301-VIVA-ME\u0301XICO-JIJOSDIUN-36x36.jpg 36w\" sizes=\"auto, (max-width: 640px) 100vw, 640px\" \/><\/figure>\n\n\n\n<p><strong>Aviso para que no digan: Esta columna se nutre de comentarios recabados por agencias del Recontra-Espionaje, muy similares a las que populariz\u00f3 el \u201cS\u00faper Agente 86\u201d en sus tiempos. Como tal lo que publicamos puede que sea cierto, puede que no, o todo lo contrario. Est\u00e1 usted en libertad de creer o no lo que lee, recontra-enojarse, recontra- carcajearse y hasta recontra-recordarnos a nuestra jefecita (nosotros recontra-haremos lo propio). Avisado est\u00e1 usted.&nbsp;<\/strong><\/p>\n\n\n\n<p><strong>desexenterado@gmail.com @desexenterado&nbsp;<\/strong><\/p>\n","protected":false},"excerpt":{"rendered":"<p>LIBRAMIENTO HUASCA-PACHUCA, TODO EL APOYO PRESIDENCIAL. \u2013 Para quienes andaban con la idea de meter ruido en la relaci\u00f3n que guarda el gobernador, Julio Menchaca, con el presidente, Andr\u00e9s Manuel L\u00f3pez Obrador, el anuncio que ayer hizo el mandatario estatal de la construcci\u00f3n del libramiento Huasca-Pachuca, libre de peaje y con varios t\u00faneles, dej\u00f3 muy, [&hellip;]<\/p>\n","protected":false},"author":93,"featured_media":208507,"comment_status":"closed","ping_status":"closed","sticky":false,"template":"","format":"standard","meta":{"footnotes":""},"categories":[83],"tags":[],"class_list":["post-230076","post","type-post","status-publish","format-standard","has-post-thumbnail","hentry","category-dese-por-enterado"],"_links":{"self":[{"href":"https:\/\/plazajuarez.mx\/historico\/wp-json\/wp\/v2\/posts\/230076","targetHints":{"allow":["GET"]}}],"collection":[{"href":"https:\/\/plazajuarez.mx\/historico\/wp-json\/wp\/v2\/posts"}],"about":[{"href":"https:\/\/plazajuarez.mx\/historico\/wp-json\/wp\/v2\/types\/post"}],"author":[{"embeddable":true,"href":"https:\/\/plazajuarez.mx\/historico\/wp-json\/wp\/v2\/users\/93"}],"replies":[{"embeddable":true,"href":"https:\/\/plazajuarez.mx\/historico\/wp-json\/wp\/v2\/comments?post=230076"}],"version-history":[{"count":0,"href":"https:\/\/plazajuarez.mx\/historico\/wp-json\/wp\/v2\/posts\/230076\/revisions"}],"wp:featuredmedia":[{"embeddable":true,"href":"https:\/\/plazajuarez.mx\/historico\/wp-json\/wp\/v2\/media\/208507"}],"wp:attachment":[{"href":"https:\/\/plazajuarez.mx\/historico\/wp-json\/wp\/v2\/media?parent=230076"}],"wp:term":[{"taxonomy":"category","embeddable":true,"href":"https:\/\/plazajuarez.mx\/historico\/wp-json\/wp\/v2\/categories?post=230076"},{"taxonomy":"post_tag","embeddable":true,"href":"https:\/\/plazajuarez.mx\/historico\/wp-json\/wp\/v2\/tags?post=230076"}],"curies":[{"name":"wp","href":"https:\/\/api.w.org\/{rel}","templated":true}]}}