{"id":229600,"date":"2022-09-12T17:52:34","date_gmt":"2022-09-12T22:52:34","guid":{"rendered":"https:\/\/plazajuarez.mx\/?p=229600"},"modified":"2022-09-12T17:52:43","modified_gmt":"2022-09-12T22:52:43","slug":"cubre_boca","status":"publish","type":"post","link":"https:\/\/plazajuarez.mx\/historico\/cubre_boca\/","title":{"rendered":"Anuncia Gallardo suspensi\u00f3n del uso obligatorio de cubrebocas en SLP"},"content":{"rendered":"\n<p> El gobernador del estado Ricardo Gallardo Cardona anunci\u00f3 que a partir de esta semana dejar\u00e1 de ser obligatorio el uso de cubrebocas en San Luis Potos\u00ed, esto luego de que seg\u00fan dijo pudo ver que en Europa y Medio Oriente ya no se utiliza, por lo que ya est\u00e1n viviendo &#8220;una normalidad m\u00e1s adelantada&#8221;, situaci\u00f3n que debe de suceder ya tambi\u00e9n en M\u00e9xico.<\/p>\n\n\n\n<p>El mandatario potosino coment\u00f3 que &#8220;la gente ya va a poder decidir usarlo o no usarlo, ser\u00e1 como cada uno se sienta, si uno siente que le va a dar la gripita pues puede traerlo, si siente que est\u00e1 en un lugar encerrado con mucha gente pues puede usarlo, pero ya va a dejar de ser obligatorio&#8221;.<\/p>\n\n\n\n<p>Reiter\u00f3 que ya se tiene que aprender a vivir con el Covid como parte de la nueva normalidad, asegur\u00f3 que el n\u00famero de contagios sigue a la baja y por ello es necesario ya hacer todo lo posible por reactivar la econom\u00eda, que incluye restaurantes, bares, gimnasios, clubs y que todos puedan tener la opci\u00f3n de su capacidad al 100 por ciento.<\/p>\n","protected":false},"excerpt":{"rendered":"<p>El gobernador del estado Ricardo Gallardo Cardona anunci\u00f3 que a partir de esta semana dejar\u00e1 de ser obligatorio el uso de cubrebocas en San Luis Potos\u00ed, esto luego de que seg\u00fan dijo pudo ver que en Europa y Medio Oriente ya no se utiliza, por lo que ya est\u00e1n viviendo &#8220;una normalidad m\u00e1s adelantada&#8221;, situaci\u00f3n [&hellip;]<\/p>\n","protected":false},"author":81,"featured_media":229601,"comment_status":"closed","ping_status":"closed","sticky":false,"template":"","format":"standard","meta":{"footnotes":""},"categories":[15,36,2163],"tags":[],"class_list":["post-229600","post","type-post","status-publish","format-standard","has-post-thumbnail","hentry","category-destacadas","category-nacion","category-noticias-de-slp"],"_links":{"self":[{"href":"https:\/\/plazajuarez.mx\/historico\/wp-json\/wp\/v2\/posts\/229600","targetHints":{"allow":["GET"]}}],"collection":[{"href":"https:\/\/plazajuarez.mx\/historico\/wp-json\/wp\/v2\/posts"}],"about":[{"href":"https:\/\/plazajuarez.mx\/historico\/wp-json\/wp\/v2\/types\/post"}],"author":[{"embeddable":true,"href":"https:\/\/plazajuarez.mx\/historico\/wp-json\/wp\/v2\/users\/81"}],"replies":[{"embeddable":true,"href":"https:\/\/plazajuarez.mx\/historico\/wp-json\/wp\/v2\/comments?post=229600"}],"version-history":[{"count":0,"href":"https:\/\/plazajuarez.mx\/historico\/wp-json\/wp\/v2\/posts\/229600\/revisions"}],"wp:featuredmedia":[{"embeddable":true,"href":"https:\/\/plazajuarez.mx\/historico\/wp-json\/wp\/v2\/media\/229601"}],"wp:attachment":[{"href":"https:\/\/plazajuarez.mx\/historico\/wp-json\/wp\/v2\/media?parent=229600"}],"wp:term":[{"taxonomy":"category","embeddable":true,"href":"https:\/\/plazajuarez.mx\/historico\/wp-json\/wp\/v2\/categories?post=229600"},{"taxonomy":"post_tag","embeddable":true,"href":"https:\/\/plazajuarez.mx\/historico\/wp-json\/wp\/v2\/tags?post=229600"}],"curies":[{"name":"wp","href":"https:\/\/api.w.org\/{rel}","templated":true}]}}