{"id":229595,"date":"2022-09-12T14:45:11","date_gmt":"2022-09-12T19:45:11","guid":{"rendered":"https:\/\/plazajuarez.mx\/?p=229595"},"modified":"2022-09-12T14:45:17","modified_gmt":"2022-09-12T19:45:17","slug":"amlo_anton","status":"publish","type":"post","link":"https:\/\/plazajuarez.mx\/historico\/amlo_anton\/","title":{"rendered":"AMLO y Antony Blinken se re\u00fanen en Palacio Nacional"},"content":{"rendered":"\n<p>Bajo un fuerte operativo de seguridad, esta tarde lleg\u00f3 el secretario de Estado de EU, Antony Blinken a Palacio Nacional para reunirse con el presidente Andr\u00e9s Manuel L\u00f3pez Obrador en donde se prev\u00e9 que toquen temas de seguridad, energ\u00eda y el Tratado entre M\u00e9xico, Estados Unidos y Canad\u00e1 (T-MEC).<\/p>\n\n\n\n<p>Al recinto hist\u00f3rico lleg\u00f3 tambi\u00e9n lleg\u00f3 el canciller Marcelo Ebrard; Tatiana Clouthier, secretaria de Econom\u00eda (SE); el embajador de M\u00e9xico en Estados Unidos, Esteban Moctezuma, as\u00ed como el embajador de la Uni\u00f3n Americana en nuestro pa\u00eds, Ken Salazar y Roberto Velasco, jefe de la Unidad para Am\u00e9rica del Norte.<\/p>\n\n\n\n<p>Antes, tambi\u00e9n llegaron Ad\u00e1n Augusto L\u00f3pez Hern\u00e1ndez, secretario de Gobernaci\u00f3n (Segob) y Francisco Gardu\u00f1o, comisionado del Instituto Nacional de Migraci\u00f3n (INM).<\/p>\n\n\n\n<p>El s\u00e1bado pasado, en Jalisco, el presidente L\u00f3pez Obrador se\u00f1al\u00f3 que los temas que podr\u00eda abordar con el funcionario estadounidense ser\u00edan el T-MEC, migraci\u00f3n y seguridad.<\/p>\n\n\n\n<p>Esta ma\u00f1ana en su conferencia de prensa, el presidente L\u00f3pez Obrador afirm\u00f3 que &#8220;no hay pleito&#8221; con el pa\u00eds vecino del norte, y sostuvo que los opositores &#8220;se quedar\u00e1n frotando las manos&#8221;.<\/p>\n\n\n\n<p>&#8220;Nuestros adversarios se frotan las manos y ya llevan cuatro a\u00f1os, porque quisieran que nos pele\u00e1ramos, se quedar\u00e1n frotando. No puede haber pleito porque los acuerdos que hay son ben\u00e9ficos para ambas naciones, ya no es el tiempo de antes que pod\u00edan gobiernos extranjeros tomar represalias, incluso, en el extremo, invadirnos, eso ya no, M\u00e9xico es un pa\u00eds independiente, libre, soberano&#8221;, expres\u00f3.<\/p>\n\n\n\n<p>El primer mandatario explic\u00f3 que en punto de las 13:30 horas, Blinken se reunir\u00e1 con funcionarios de alto nivel para atender asuntos del Tratado Comercial entre M\u00e9xico, Estados Unidos y Canad\u00e1 (TMEC).<\/p>\n\n\n\n<p>&#8220;Es una pl\u00e1tica independiente de la agenda que se va a desarrollar y que se hace peri\u00f3dicamente entre funcionarios de alto nivel, y en la que participan secretarias y secretario de econom\u00eda de los pa\u00edses, en este caso de Estados Unidos y de M\u00e9xico&#8221;, expuso.<\/p>\n\n\n\n<p>Aclar\u00f3 que aunque no hay temas fijados, es posible que aborde temas migratorios, energ\u00e9ticos, e incluso, la petici\u00f3n para liberar a Julian Assange.<\/p>\n\n\n\n<p>&#8220;Si hay oportunidad, fuera de ese programa, pues vamos a platicar sobre diversos temas, no hay una agenda definida para que yo trate ni \u00e9l trae agenda especial, pero se trata de atender asuntos de inter\u00e9s para las dos naciones y para los dos pueblos&#8221;, detall\u00f3.<\/p>\n\n\n\n<ul class=\"wp-block-list\"><li>L\u00f3pez Obrador asever\u00f3 que la relaci\u00f3n con el presidente Joe Biden hay buena relaci\u00f3n, y record\u00f3 que recientemente su hom\u00f3logo le envi\u00f3 una carta &#8220;con el prop\u00f3sito de que se mantenga la relaci\u00f3n de respeto, que se siga manteniendo el respeto a las soberan\u00edas de los dos pa\u00edses, una pol\u00edtica de buena vecindad, y no hemos tenido problema&#8221;.<\/li><\/ul>\n","protected":false},"excerpt":{"rendered":"<p>Bajo un fuerte operativo de seguridad, esta tarde lleg\u00f3 el secretario de Estado de EU, Antony Blinken a Palacio Nacional para reunirse con el presidente Andr\u00e9s Manuel L\u00f3pez Obrador en donde se prev\u00e9 que toquen temas de seguridad, energ\u00eda y el Tratado entre M\u00e9xico, Estados Unidos y Canad\u00e1 (T-MEC). Al recinto hist\u00f3rico lleg\u00f3 tambi\u00e9n lleg\u00f3 [&hellip;]<\/p>\n","protected":false},"author":81,"featured_media":229596,"comment_status":"closed","ping_status":"closed","sticky":false,"template":"","format":"standard","meta":{"footnotes":""},"categories":[15,36],"tags":[],"class_list":["post-229595","post","type-post","status-publish","format-standard","has-post-thumbnail","hentry","category-destacadas","category-nacion"],"_links":{"self":[{"href":"https:\/\/plazajuarez.mx\/historico\/wp-json\/wp\/v2\/posts\/229595","targetHints":{"allow":["GET"]}}],"collection":[{"href":"https:\/\/plazajuarez.mx\/historico\/wp-json\/wp\/v2\/posts"}],"about":[{"href":"https:\/\/plazajuarez.mx\/historico\/wp-json\/wp\/v2\/types\/post"}],"author":[{"embeddable":true,"href":"https:\/\/plazajuarez.mx\/historico\/wp-json\/wp\/v2\/users\/81"}],"replies":[{"embeddable":true,"href":"https:\/\/plazajuarez.mx\/historico\/wp-json\/wp\/v2\/comments?post=229595"}],"version-history":[{"count":0,"href":"https:\/\/plazajuarez.mx\/historico\/wp-json\/wp\/v2\/posts\/229595\/revisions"}],"wp:featuredmedia":[{"embeddable":true,"href":"https:\/\/plazajuarez.mx\/historico\/wp-json\/wp\/v2\/media\/229596"}],"wp:attachment":[{"href":"https:\/\/plazajuarez.mx\/historico\/wp-json\/wp\/v2\/media?parent=229595"}],"wp:term":[{"taxonomy":"category","embeddable":true,"href":"https:\/\/plazajuarez.mx\/historico\/wp-json\/wp\/v2\/categories?post=229595"},{"taxonomy":"post_tag","embeddable":true,"href":"https:\/\/plazajuarez.mx\/historico\/wp-json\/wp\/v2\/tags?post=229595"}],"curies":[{"name":"wp","href":"https:\/\/api.w.org\/{rel}","templated":true}]}}