{"id":229585,"date":"2022-09-12T14:21:12","date_gmt":"2022-09-12T19:21:12","guid":{"rendered":"https:\/\/plazajuarez.mx\/?p=229585"},"modified":"2022-09-12T14:21:18","modified_gmt":"2022-09-12T19:21:18","slug":"sera_de7","status":"publish","type":"post","link":"https:\/\/plazajuarez.mx\/historico\/sera_de7\/","title":{"rendered":"Ser\u00e1 de 7 pesos costo del pasaje del Troleb\u00fas Elevado, dice Sheinbaum"},"content":{"rendered":"\n<p> La Jefa de Gobierno, Claudia Sheinbaum, confirm\u00f3 que el costo del viaje del Troleb\u00fas Elevado de Iztapalapa ser\u00e1 de 7 pesos.<\/p>\n\n\n\n<p>&#8220;Ser\u00e1 de 7 pesos, igual que el costo que tiene el Cableb\u00fas&#8221;, inform\u00f3 la Jefa de Gobierno, Claudia Sheinbaum.<\/p>\n\n\n\n<p>Ayer domingo, la mandataria inform\u00f3 que se iniciaron con las pruebas operativas de las unidades, y se prev\u00e9 que el 15 de octubre concluyan los trabajos de la obra.<\/p>\n\n\n\n<p>En conferencia de prensa, d\u00f3nde se realiz\u00f3 un enlace en vivo con el secretario de Movilidad, Andr\u00e9s Lajous, el titular de Secretar\u00eda de Obras y Servicios (Sobse) y el director del Sistema de Transportes El\u00e9ctricos (STE), Mart\u00ed L\u00f3pez Delgado.<\/p>\n\n\n\n<p>En ese sentido, la mandataria capitalina explic\u00f3 que el Sistema de Transportes El\u00e9ctricos pidi\u00f3 un mes de pruebas operativas para que los choferes se familiaricen con las unidades.<\/p>\n\n\n\n<p>Record\u00f3 que se invertir\u00e1 en 26 unidades nuevas del troleb\u00fas elevado, mismas que van a sustituir a 250 microbuses, y se espera que puedan transportar a 120 mil personas al d\u00eda.<\/p>\n","protected":false},"excerpt":{"rendered":"<p>La Jefa de Gobierno, Claudia Sheinbaum, confirm\u00f3 que el costo del viaje del Troleb\u00fas Elevado de Iztapalapa ser\u00e1 de 7 pesos. &#8220;Ser\u00e1 de 7 pesos, igual que el costo que tiene el Cableb\u00fas&#8221;, inform\u00f3 la Jefa de Gobierno, Claudia Sheinbaum. Ayer domingo, la mandataria inform\u00f3 que se iniciaron con las pruebas operativas de las unidades, [&hellip;]<\/p>\n","protected":false},"author":81,"featured_media":229588,"comment_status":"closed","ping_status":"closed","sticky":false,"template":"","format":"standard","meta":{"footnotes":""},"categories":[36,2160],"tags":[],"class_list":["post-229585","post","type-post","status-publish","format-standard","has-post-thumbnail","hentry","category-nacion","category-noticias-de-la-ciudad-de-mexico"],"_links":{"self":[{"href":"https:\/\/plazajuarez.mx\/historico\/wp-json\/wp\/v2\/posts\/229585","targetHints":{"allow":["GET"]}}],"collection":[{"href":"https:\/\/plazajuarez.mx\/historico\/wp-json\/wp\/v2\/posts"}],"about":[{"href":"https:\/\/plazajuarez.mx\/historico\/wp-json\/wp\/v2\/types\/post"}],"author":[{"embeddable":true,"href":"https:\/\/plazajuarez.mx\/historico\/wp-json\/wp\/v2\/users\/81"}],"replies":[{"embeddable":true,"href":"https:\/\/plazajuarez.mx\/historico\/wp-json\/wp\/v2\/comments?post=229585"}],"version-history":[{"count":0,"href":"https:\/\/plazajuarez.mx\/historico\/wp-json\/wp\/v2\/posts\/229585\/revisions"}],"wp:featuredmedia":[{"embeddable":true,"href":"https:\/\/plazajuarez.mx\/historico\/wp-json\/wp\/v2\/media\/229588"}],"wp:attachment":[{"href":"https:\/\/plazajuarez.mx\/historico\/wp-json\/wp\/v2\/media?parent=229585"}],"wp:term":[{"taxonomy":"category","embeddable":true,"href":"https:\/\/plazajuarez.mx\/historico\/wp-json\/wp\/v2\/categories?post=229585"},{"taxonomy":"post_tag","embeddable":true,"href":"https:\/\/plazajuarez.mx\/historico\/wp-json\/wp\/v2\/tags?post=229585"}],"curies":[{"name":"wp","href":"https:\/\/api.w.org\/{rel}","templated":true}]}}