{"id":229392,"date":"2022-09-11T08:05:36","date_gmt":"2022-09-11T13:05:36","guid":{"rendered":"https:\/\/plazajuarez.mx\/?p=229392"},"modified":"2022-09-11T09:15:35","modified_gmt":"2022-09-11T14:15:35","slug":"alcalde-de-mixquiahuala-pugna-por-mayores-recursos","status":"publish","type":"post","link":"https:\/\/plazajuarez.mx\/historico\/alcalde-de-mixquiahuala-pugna-por-mayores-recursos\/","title":{"rendered":"Alcalde de Mixquiahuala pugna por mayores recursos"},"content":{"rendered":"\n<p>El diputado federal de Hidalgo, por Morena,&nbsp; Cuauht\u00e9moc Ochoa acompa\u00f1\u00f3 al alcalde de Mixquiahuala, Jos\u00e9 Ram\u00f3n Amieva a su Segundo Informe de gobierno, quien destac\u00f3 que es momento que al municipio le asignen recursos. En las inmediaciones del cerro Pico del \u00c1ngel, el alcalde agreg\u00f3 que su informe es de territorio y no de escritorio.<\/p>\n\n\n\n<p>Asimismo, en su red social oficial public\u00f3 \u201cAgradezco la invitaci\u00f3n al Dr. Jos\u00e9 Ram\u00f3n Amieva G\u00e1lvez, presidente municipal de Mixquiahuala de Ju\u00e1rez, por su Segundo Informe de Gobierno\u201d.<\/p>\n\n\n\n<p>Agreg\u00f3: \u201cFelicito y reconozco la labor y el trabajo que hasta el d\u00eda de hoy ha desempe\u00f1ado en el municipio, estoy seguro de que seguiremos trabajando juntos Con Fuerza y Sin Pausa por el bienestar de las familias de Hidalgo\u201d.<\/p>\n","protected":false},"excerpt":{"rendered":"<p>El diputado federal de Hidalgo, por Morena,&nbsp; Cuauht\u00e9moc Ochoa acompa\u00f1\u00f3 al alcalde de Mixquiahuala, Jos\u00e9 Ram\u00f3n Amieva a su Segundo Informe de gobierno, quien destac\u00f3 que es momento que al municipio le asignen recursos. En las inmediaciones del cerro Pico del \u00c1ngel, el alcalde agreg\u00f3 que su informe es de territorio y no de escritorio. [&hellip;]<\/p>\n","protected":false},"author":93,"featured_media":229412,"comment_status":"closed","ping_status":"closed","sticky":false,"template":"","format":"standard","meta":{"footnotes":""},"categories":[15,59,2159],"tags":[],"class_list":["post-229392","post","type-post","status-publish","format-standard","has-post-thumbnail","hentry","category-destacadas","category-general","category-noticias-de-hidalgo"],"_links":{"self":[{"href":"https:\/\/plazajuarez.mx\/historico\/wp-json\/wp\/v2\/posts\/229392","targetHints":{"allow":["GET"]}}],"collection":[{"href":"https:\/\/plazajuarez.mx\/historico\/wp-json\/wp\/v2\/posts"}],"about":[{"href":"https:\/\/plazajuarez.mx\/historico\/wp-json\/wp\/v2\/types\/post"}],"author":[{"embeddable":true,"href":"https:\/\/plazajuarez.mx\/historico\/wp-json\/wp\/v2\/users\/93"}],"replies":[{"embeddable":true,"href":"https:\/\/plazajuarez.mx\/historico\/wp-json\/wp\/v2\/comments?post=229392"}],"version-history":[{"count":0,"href":"https:\/\/plazajuarez.mx\/historico\/wp-json\/wp\/v2\/posts\/229392\/revisions"}],"wp:featuredmedia":[{"embeddable":true,"href":"https:\/\/plazajuarez.mx\/historico\/wp-json\/wp\/v2\/media\/229412"}],"wp:attachment":[{"href":"https:\/\/plazajuarez.mx\/historico\/wp-json\/wp\/v2\/media?parent=229392"}],"wp:term":[{"taxonomy":"category","embeddable":true,"href":"https:\/\/plazajuarez.mx\/historico\/wp-json\/wp\/v2\/categories?post=229392"},{"taxonomy":"post_tag","embeddable":true,"href":"https:\/\/plazajuarez.mx\/historico\/wp-json\/wp\/v2\/tags?post=229392"}],"curies":[{"name":"wp","href":"https:\/\/api.w.org\/{rel}","templated":true}]}}