{"id":229378,"date":"2022-09-10T20:17:48","date_gmt":"2022-09-11T01:17:48","guid":{"rendered":"https:\/\/plazajuarez.mx\/?p=229378"},"modified":"2022-09-10T20:17:54","modified_gmt":"2022-09-11T01:17:54","slug":"huasteca_fallecidos","status":"publish","type":"post","link":"https:\/\/plazajuarez.mx\/historico\/huasteca_fallecidos\/","title":{"rendered":"Dolor\u00a0y\u00a0angustia deja en las familias de la\u00a0huasteca\u00a0el terrible accidente\u00a0entre un autob\u00fas y una pipa"},"content":{"rendered":"\n<p><br><\/p>\n\n\n\n<p>Huejutla <\/p>\n\n\n\n<p>Gran dolor y angustia dej\u00f3 en\u00a0familias de la huasteca\u00a0el terrible accidente que se registr\u00f3 entre un autob\u00fas de pasajeros y una pipa sobre la carretera Victoria \u2013 Monterrey a altura del kil\u00f3metro 67, hasta el momento se han reportado 19 personas fallecidas por lo cual familiares de las\u00a0v\u00edctimas\u00a0se organizan para pedir el apoyo de la ciudadan\u00eda.<\/p>\n\n\n\n<p>Al respecto Josefina Flores Hern\u00e1ndez familiar de uno de los pasajeros fallecidos Erick Garc\u00eda Luciano\u00a0originario del Barrio La Pe\u00f1a de la localidad de Chililico,\u00a0dijo haberse enterado a trav\u00e9s de los medios de comunicaci\u00f3n.<\/p>\n\n\n\n<figure class=\"wp-block-image size-full\"><img loading=\"lazy\" decoding=\"async\" width=\"720\" height=\"389\" src=\"https:\/\/plazajuarez.mx\/historico\/historico\/wp-content\/uploads\/2022\/09\/485875D6-CC03-4478-B368-7D9AAE177B85.jpeg\" alt=\"\" class=\"wp-image-229380\"\/><\/figure>\n\n\n\n<p>\u201cVimos una publicaci\u00f3n en la ma\u00f1ana que lamentablemente hab\u00eda pasado un accidente en el autob\u00fas en el que viajaba mi familiar Erick Garc\u00eda Luciano\u201d.<\/p>\n\n\n\n<figure class=\"wp-block-gallery has-nested-images columns-default is-cropped wp-block-gallery-1 is-layout-flex wp-block-gallery-is-layout-flex\">\n<figure class=\"wp-block-image size-large\"><img loading=\"lazy\" decoding=\"async\" width=\"1280\" height=\"960\" data-id=\"229381\" src=\"https:\/\/plazajuarez.mx\/historico\/historico\/wp-content\/uploads\/2022\/09\/62DE9566-A5F6-46F5-99E6-8BF6D610BB49.jpeg\" alt=\"\" class=\"wp-image-229381\" srcset=\"https:\/\/plazajuarez.mx\/historico\/wp-content\/uploads\/2022\/09\/62DE9566-A5F6-46F5-99E6-8BF6D610BB49.jpeg 1280w, https:\/\/plazajuarez.mx\/historico\/wp-content\/uploads\/2022\/09\/62DE9566-A5F6-46F5-99E6-8BF6D610BB49-768x576.jpeg 768w\" sizes=\"auto, (max-width: 1280px) 100vw, 1280px\" \/><\/figure>\n<\/figure>\n\n\n\n<p>Relat\u00f3 que el ahora occiso se trasladaba a la ciudad de Monterrey para trabajar.<\/p>\n\n\n\n<p>\u201cIba a trabajar, estamos muy agradecidos con las autoridades ya que dijeron que nos van a apoyar\u201d.<\/p>\n\n\n\n<p>Agreg\u00f3\u00a0tambi\u00e9n\u00a0que Erick Garc\u00eda Luciano ten\u00eda tres hijos menores de edad, quienes ahora se quedaron a cargo de la madre de 13, 5 y 3 a\u00f1os de edad, por lo que requieren el apoyo de la\u00a0gente para\u00a0solventar los gastos y han puesto una tarjeta a disposici\u00f3n de las personas que deseen apoyar 4152313810170030 del Banco Bancomer a nombre de Josefina Flores\u00a0Hern\u00e1ndez.<\/p>\n\n\n\n<p>Otra de las&nbsp;familias afectadas&nbsp;que solicitan apoyo es&nbsp;la&nbsp;del conductor del autob\u00fas que fue identificado como Jes\u00fas Roberto Nava Badillo, al respecto; su hermana&nbsp;LizethDenisse Aguirre Badillo,&nbsp;lo describi\u00f3 como una persona alegre y muy bueno en sus labores como conductor, pero debido al accidente perdi\u00f3 la vida y ahora solicitan ayuda y\/o donaciones a&nbsp;trav\u00e9s de la tarjeta 5579100343886295 del Banco Santander.<\/p>\n\n\n\n<p>Jes\u00fas Roberto Nava Badillo ten\u00eda tres hijos menores de edad y actualmente su familia radica en Tantoyuca, Veracruz\u00a0debido a la pandemia, pues anteriormente viv\u00edan en Mineral de la Reforma.<\/p>\n\n\n\n<figure class=\"wp-block-image size-full\"><img loading=\"lazy\" decoding=\"async\" width=\"1280\" height=\"960\" src=\"https:\/\/plazajuarez.mx\/historico\/historico\/wp-content\/uploads\/2022\/09\/8D74AAE8-694A-4DC2-9B5E-D510D9CD644E.jpeg\" alt=\"\" class=\"wp-image-229383\" srcset=\"https:\/\/plazajuarez.mx\/historico\/wp-content\/uploads\/2022\/09\/8D74AAE8-694A-4DC2-9B5E-D510D9CD644E.jpeg 1280w, https:\/\/plazajuarez.mx\/historico\/wp-content\/uploads\/2022\/09\/8D74AAE8-694A-4DC2-9B5E-D510D9CD644E-768x576.jpeg 768w\" sizes=\"auto, (max-width: 1280px) 100vw, 1280px\" \/><\/figure>\n\n\n\n<p>Por otro lado,&nbsp;en una reuni\u00f3n establecida entre los familiares de las v\u00edctimas con el presidente municipal Daniel Andradey&nbsp;el subsecretario de gobierno Eduardo&nbsp;Medecigo&nbsp;reiteraron las indicaciones del gobernador Julio Menchaca de brindarles apoyo y dijeron que de acuerdo a la informaci\u00f3n que tienen&nbsp;la empresa se har\u00e1 cargo de los gastos y tr\u00e1mites funerarios ya que cuenta con seguro de vida.<\/p>\n\n\n\n<p>A su vez, ellos ponen a disposici\u00f3n la atenci\u00f3n jur\u00eddica&nbsp;que se requiera e informaron que&nbsp;hasta el momento se reportan 20&nbsp;personas fallecidas y se estableci\u00f3 una mesa de trabajo para la atenci\u00f3n a los familiares de las v\u00edctimas, cabe mencionar que ocho de ellas son del municipio de Huejutla.<\/p>\n\n\n\n<p>Celia Hern\u00e1ndez, Enrique Mart\u00ednez, Sof\u00eda Hern\u00e1ndez, Erick Garc\u00eda Luciano, Carlos Mart\u00ednez Oviedo, Juan Pedro Hern\u00e1ndez, Josu\u00e9 Hern\u00e1ndez del \u00c1ngel y Otilio Serna Bautista.<\/p>\n\n\n\n<p>Por \u00faltimo, las autoridades delegacionales de Chililico dieron a conocer que realizar\u00e1n diferentes actividades para apoyar a los familiares de las v\u00edctimas, en ese sentido,&nbsp;el delegado&nbsp;del Barrio La Pe\u00f1a&nbsp;Alberto Hern\u00e1ndez \u00c1ngeles dijo que se organizar\u00e1n para brindar el apoyo necesario.<\/p>\n\n\n\n<p>\u201cCon cualquier apoyo que quieran dar a los familiares, se los agradeceremos, necesitamos el apoyo de la gente, no hay dinero ahorita.<\/p>\n","protected":false},"excerpt":{"rendered":"<p>Huejutla Gran dolor y angustia dej\u00f3 en\u00a0familias de la huasteca\u00a0el terrible accidente que se registr\u00f3 entre un autob\u00fas de pasajeros y una pipa sobre la carretera Victoria \u2013 Monterrey a altura del kil\u00f3metro 67, hasta el momento se han reportado 19 personas fallecidas por lo cual familiares de las\u00a0v\u00edctimas\u00a0se organizan para pedir el apoyo de [&hellip;]<\/p>\n","protected":false},"author":76,"featured_media":229379,"comment_status":"closed","ping_status":"closed","sticky":false,"template":"","format":"standard","meta":{"footnotes":""},"categories":[15,36,2159],"tags":[],"class_list":["post-229378","post","type-post","status-publish","format-standard","has-post-thumbnail","hentry","category-destacadas","category-nacion","category-noticias-de-hidalgo"],"_links":{"self":[{"href":"https:\/\/plazajuarez.mx\/historico\/wp-json\/wp\/v2\/posts\/229378","targetHints":{"allow":["GET"]}}],"collection":[{"href":"https:\/\/plazajuarez.mx\/historico\/wp-json\/wp\/v2\/posts"}],"about":[{"href":"https:\/\/plazajuarez.mx\/historico\/wp-json\/wp\/v2\/types\/post"}],"author":[{"embeddable":true,"href":"https:\/\/plazajuarez.mx\/historico\/wp-json\/wp\/v2\/users\/76"}],"replies":[{"embeddable":true,"href":"https:\/\/plazajuarez.mx\/historico\/wp-json\/wp\/v2\/comments?post=229378"}],"version-history":[{"count":0,"href":"https:\/\/plazajuarez.mx\/historico\/wp-json\/wp\/v2\/posts\/229378\/revisions"}],"wp:featuredmedia":[{"embeddable":true,"href":"https:\/\/plazajuarez.mx\/historico\/wp-json\/wp\/v2\/media\/229379"}],"wp:attachment":[{"href":"https:\/\/plazajuarez.mx\/historico\/wp-json\/wp\/v2\/media?parent=229378"}],"wp:term":[{"taxonomy":"category","embeddable":true,"href":"https:\/\/plazajuarez.mx\/historico\/wp-json\/wp\/v2\/categories?post=229378"},{"taxonomy":"post_tag","embeddable":true,"href":"https:\/\/plazajuarez.mx\/historico\/wp-json\/wp\/v2\/tags?post=229378"}],"curies":[{"name":"wp","href":"https:\/\/api.w.org\/{rel}","templated":true}]}}