{"id":229361,"date":"2022-09-10T13:34:31","date_gmt":"2022-09-10T18:34:31","guid":{"rendered":"https:\/\/plazajuarez.mx\/?p=229361"},"modified":"2022-09-10T13:42:28","modified_gmt":"2022-09-10T18:42:28","slug":"conductor_calcinado","status":"publish","type":"post","link":"https:\/\/plazajuarez.mx\/historico\/conductor_calcinado\/","title":{"rendered":"Familiares del conductor del autob\u00fas calcinado piden apoyo para solventar gastos."},"content":{"rendered":"\n<p>Familiares del conductor del autob\u00fas calcinado esta madrugada sobre la carretera Victoria -Monterrey que transportaba pasajeros de Huejutla a Monterrey mediante redes sociales piden el apoyo de la ciudadan\u00eda para solventar los gastos a la cuenta 5579100343886295 del banco Santander.<\/p>\n\n\n\n<figure class=\"wp-block-image size-full\"><img loading=\"lazy\" decoding=\"async\" width=\"720\" height=\"1015\" src=\"https:\/\/plazajuarez.mx\/historico\/historico\/wp-content\/uploads\/2022\/09\/F862435F-6F81-48BF-91C2-AF8D1870FACD.jpeg\" alt=\"\" class=\"wp-image-229363\"\/><\/figure>\n\n\n\n\n\n<p>El conductor fue identificado con el nombre Jes\u00fas Roberto Nava Badillo y al parecer transportaba a personas que se dirig\u00edan a trabajar a la ciudad de Monterrey.<\/p>\n\n\n\n<p>La Lista preliminar de v\u00edctimas del autob\u00fas incendiado en Tamaulipas son :<\/p>\n\n\n\n<p>Jes\u00fas Roberto Nava Badillo, Tantoyuca, Veracruz.<br>Josu\u00e9 Hern\u00e1ndez del \u00c1ngel, El Pintor, Veracruz.<br>Celia Hern\u00e1ndez &#8211; Acuatempa, Huejutla.<br>Juan Pablo Hern\u00e1ndez<br>Enrique Mart\u00ednez<br>Otilia Serna Bautista<br>Leo Escobar Bautista<br>Sof\u00eda Hern\u00e1ndez<br>Edy Ju\u00e1rez<br>Eleuteria Candelario<br>Efr\u00e9n Garc\u00eda<br>Eusebia M\u00e9ndez Santiago<br>Carlos Aldair P\u00e9rez<br>Apolinar Hern\u00e1ndez Santiago<br>Bonifacio T\u00e9llez<br>Erick Garc\u00eda Luciano<br>Carlos Mart\u00ednez Oviedo<br>Carlos Fernando Eleuterio<\/p>\n","protected":false},"excerpt":{"rendered":"<p>Familiares del conductor del autob\u00fas calcinado esta madrugada sobre la carretera Victoria -Monterrey que transportaba pasajeros de Huejutla a Monterrey mediante redes sociales piden el apoyo de la ciudadan\u00eda para solventar los gastos a la cuenta 5579100343886295 del banco Santander. El conductor fue identificado con el nombre Jes\u00fas Roberto Nava Badillo y al parecer transportaba [&hellip;]<\/p>\n","protected":false},"author":76,"featured_media":229362,"comment_status":"closed","ping_status":"closed","sticky":false,"template":"","format":"standard","meta":{"footnotes":""},"categories":[15,36,2159],"tags":[],"class_list":["post-229361","post","type-post","status-publish","format-standard","has-post-thumbnail","hentry","category-destacadas","category-nacion","category-noticias-de-hidalgo"],"_links":{"self":[{"href":"https:\/\/plazajuarez.mx\/historico\/wp-json\/wp\/v2\/posts\/229361","targetHints":{"allow":["GET"]}}],"collection":[{"href":"https:\/\/plazajuarez.mx\/historico\/wp-json\/wp\/v2\/posts"}],"about":[{"href":"https:\/\/plazajuarez.mx\/historico\/wp-json\/wp\/v2\/types\/post"}],"author":[{"embeddable":true,"href":"https:\/\/plazajuarez.mx\/historico\/wp-json\/wp\/v2\/users\/76"}],"replies":[{"embeddable":true,"href":"https:\/\/plazajuarez.mx\/historico\/wp-json\/wp\/v2\/comments?post=229361"}],"version-history":[{"count":0,"href":"https:\/\/plazajuarez.mx\/historico\/wp-json\/wp\/v2\/posts\/229361\/revisions"}],"wp:featuredmedia":[{"embeddable":true,"href":"https:\/\/plazajuarez.mx\/historico\/wp-json\/wp\/v2\/media\/229362"}],"wp:attachment":[{"href":"https:\/\/plazajuarez.mx\/historico\/wp-json\/wp\/v2\/media?parent=229361"}],"wp:term":[{"taxonomy":"category","embeddable":true,"href":"https:\/\/plazajuarez.mx\/historico\/wp-json\/wp\/v2\/categories?post=229361"},{"taxonomy":"post_tag","embeddable":true,"href":"https:\/\/plazajuarez.mx\/historico\/wp-json\/wp\/v2\/tags?post=229361"}],"curies":[{"name":"wp","href":"https:\/\/api.w.org\/{rel}","templated":true}]}}