{"id":229358,"date":"2022-09-10T12:45:23","date_gmt":"2022-09-10T17:45:23","guid":{"rendered":"https:\/\/plazajuarez.mx\/?p=229358"},"modified":"2022-09-10T12:45:30","modified_gmt":"2022-09-10T17:45:30","slug":"scjn_ongs","status":"publish","type":"post","link":"https:\/\/plazajuarez.mx\/historico\/scjn_ongs\/","title":{"rendered":"SCJN debe frenar militarizaci\u00f3n: ONG&#8217;s"},"content":{"rendered":"\n<p> Organizaciones civiles y de derechos humanos se\u00f1alaron que ante la aprobaci\u00f3n de la reforma a la Guardia Nacional que militariza la seguridad p\u00fablica en el pa\u00eds al trasladar a la Sedena su control, la Suprema Corte de Justicia de la Naci\u00f3n (SCJN) debe corregir este error hist\u00f3rico y actuar como un verdadero contrapeso como garante de la Constituci\u00f3n y de nuestros derechos.<\/p>\n\n\n\n<p>La Fundaci\u00f3n para la Justicia anunci\u00f3 que las organizaciones defensoras de los derechos humanos llevaremos a cabo las acciones legales y de defensa de derechos humanos, para que la Suprema Corte de Justicia de la Naci\u00f3n (SCJN) y el resto del Poder Judicial de la Federaci\u00f3n corrija el curso que equivocadamente marc\u00f3 el Poder Legislativo.<\/p>\n\n\n\n<p>&#8220;Hoy m\u00e1s que nunca, debemos recordar que los contrapesos son necesarios en cualquier democracia y que el papel del Poder Judicial en este caso ser\u00e1 clave, como garante de la Constituci\u00f3n y de nuestros derechos&#8221;.<\/p>\n\n\n\n<p>Ante ello, &#8220;hacemos un llamado a jueces, magistrados y, en especial, a los 11 ministros y ministras de la Suprema Corte de Justicia, para que recuerden el rol y la responsabilidad que sus cargos les confieren, para garantizar que en M\u00e9xico se siga viviendo una democracia de derechos, no de militares ni de imposiciones pol\u00edticas&#8221;.<\/p>\n\n\n\n<p>Tambi\u00e9n hacemos un llamado a la Comisi\u00f3n Nacional de los Derechos Humanos y a los partidos de oposici\u00f3n, para que accionen los mecanismos de control constitucional dise\u00f1ados para evitar este acto que desconoce la Constituci\u00f3n, pero m\u00e1s importante, que desconoce la realidad de miles de v\u00edctimas en nuestro pa\u00eds y de una sociedad con esperanza de paz.<\/p>\n\n\n\n<p>&#8220;Exhortamos a la misma Comisi\u00f3n Nacional de los Derechos Humanos, a las comisiones de derechos humanos de las entidades federativas y a los organismos internacionales a construir, de la mano de expertos internacionales y de la sociedad civil, un mecanismo especial de monitoreo y denuncia de violaciones cometidas por las Fuerzas Armadas&#8221;.<\/p>\n\n\n\n<p>Subrayaron que lo ocurrido en el Senado donde Morena y sus partidos aliados avalaron la reforma de la Guardia Nacional es un &#8220;luto para la democracia&#8221; porque no solo olvidaron las promesas de campa\u00f1a que les llevaron al cargo que hoy ocupan.<\/p>\n\n\n\n<p>&#8220;Tambi\u00e9n olvidaron a las v\u00edctimas de la violencia ejercida por militares, como Heidi, de 4 a\u00f1os, que apenas hace unos d\u00edas perdi\u00f3 la vida. Muchas de estas v\u00edctimas provienen de los grupos m\u00e1s vulnerados, como personas de bajos recursos, mujeres y migrantes, que como Fundaci\u00f3n para la Justicia, junto con otras organizaciones civiles y periodistas, documentamos en el informe Bajo la Bota&#8221;.<\/p>\n","protected":false},"excerpt":{"rendered":"<p>Organizaciones civiles y de derechos humanos se\u00f1alaron que ante la aprobaci\u00f3n de la reforma a la Guardia Nacional que militariza la seguridad p\u00fablica en el pa\u00eds al trasladar a la Sedena su control, la Suprema Corte de Justicia de la Naci\u00f3n (SCJN) debe corregir este error hist\u00f3rico y actuar como un verdadero contrapeso como garante [&hellip;]<\/p>\n","protected":false},"author":81,"featured_media":229359,"comment_status":"closed","ping_status":"closed","sticky":false,"template":"","format":"standard","meta":{"footnotes":""},"categories":[36],"tags":[],"class_list":["post-229358","post","type-post","status-publish","format-standard","has-post-thumbnail","hentry","category-nacion"],"_links":{"self":[{"href":"https:\/\/plazajuarez.mx\/historico\/wp-json\/wp\/v2\/posts\/229358","targetHints":{"allow":["GET"]}}],"collection":[{"href":"https:\/\/plazajuarez.mx\/historico\/wp-json\/wp\/v2\/posts"}],"about":[{"href":"https:\/\/plazajuarez.mx\/historico\/wp-json\/wp\/v2\/types\/post"}],"author":[{"embeddable":true,"href":"https:\/\/plazajuarez.mx\/historico\/wp-json\/wp\/v2\/users\/81"}],"replies":[{"embeddable":true,"href":"https:\/\/plazajuarez.mx\/historico\/wp-json\/wp\/v2\/comments?post=229358"}],"version-history":[{"count":0,"href":"https:\/\/plazajuarez.mx\/historico\/wp-json\/wp\/v2\/posts\/229358\/revisions"}],"wp:featuredmedia":[{"embeddable":true,"href":"https:\/\/plazajuarez.mx\/historico\/wp-json\/wp\/v2\/media\/229359"}],"wp:attachment":[{"href":"https:\/\/plazajuarez.mx\/historico\/wp-json\/wp\/v2\/media?parent=229358"}],"wp:term":[{"taxonomy":"category","embeddable":true,"href":"https:\/\/plazajuarez.mx\/historico\/wp-json\/wp\/v2\/categories?post=229358"},{"taxonomy":"post_tag","embeddable":true,"href":"https:\/\/plazajuarez.mx\/historico\/wp-json\/wp\/v2\/tags?post=229358"}],"curies":[{"name":"wp","href":"https:\/\/api.w.org\/{rel}","templated":true}]}}