{"id":229352,"date":"2022-09-10T12:23:03","date_gmt":"2022-09-10T17:23:03","guid":{"rendered":"https:\/\/plazajuarez.mx\/?p=229352"},"modified":"2022-09-10T12:29:04","modified_gmt":"2022-09-10T17:29:04","slug":"blinken_amlo","status":"publish","type":"post","link":"https:\/\/plazajuarez.mx\/historico\/blinken_amlo\/","title":{"rendered":"Blinken se reunir\u00e1 con L\u00f3pez Obrador el lunes en Ciudad de M\u00e9xico"},"content":{"rendered":"\n<p>El secretario de Estado de EE.UU., Antony Blinken, se reunir\u00e1 con el presidente mexicano, Andr\u00e9s Manuel L\u00f3pez Obrador, durante su visita a Ciudad de M\u00e9xico la pr\u00f3xima semana, anunci\u00f3 este viernes el Departamento de Estado.<\/p>\n\n\n\n<p>El subsecretario estadounidense para Am\u00e9rica Latina, Brian Nichols, dijo en una rueda de prensa telef\u00f3nica que la reuni\u00f3n fue propuesta por el propio L\u00f3pez Obrador y que servir\u00e1 para &#8220;estrechar la cercana relaci\u00f3n&#8221; entre ambos Gobiernos.<\/p>\n\n\n\n<p>El Departamento de Estado inform\u00f3 en la v\u00edspera que Blinken viajar\u00e1 el pr\u00f3ximo lunes a Ciudad de M\u00e9xico para participar en el Di\u00e1logo de Alto Nivel Econ\u00f3mico con el canciller mexicano, Marcelo Ebrard, que finalmente no tendr\u00e1 lugar en Monterrey, capital del norte\u00f1o estado mexicano de Nuevo Le\u00f3n, como se hab\u00eda dicho.<\/p>\n\n\n\n<p>El jefe de la diplomacia estadounidense estar\u00e1 acompa\u00f1ado por la secretaria de Comercio de Estados Unidos, Gina Raimondo; el vicerrepresentante comercial Jayme White, el subsecretario de Energ\u00eda y Medioambiente, Jos\u00e9 Fern\u00e1ndez, y Brian Nichols, entre otros.<\/p>\n\n\n\n<p>&#8220;Celebramos la oportunidad de poder reunirnos a este alto nivel para abordar nuestros retos econ\u00f3micos. Esperamos seguir cooperando durante los pr\u00f3ximos a\u00f1os&#8221;, dijo Nichols en la rueda de prensa.<\/p>\n\n\n\n<p>Sobre la mesa del encuentro estar\u00e1 la disputa comercial abierta por Estados Unidos y Canad\u00e1 dentro del nuevo tratado de libre comercio de Am\u00e9rica del Norte (T-MEC) en contra de la pol\u00edtica energ\u00e9tica mexicana que favorece a las empresas del Estado.<\/p>\n\n\n\n<p>&#8220;La soluci\u00f3n de controversias en los acuerdos internacionales es habitual en las relaciones comerciales, incluso entre socios cercanos. Estados Unidos y M\u00e9xico pueden abordar las cuestiones de energ\u00eda sin romper sus lazos econ\u00f3micos&#8221;, dijo al respecto Nichols.<\/p>\n\n\n\n<p>L\u00f3pez Obrador, que primero calific\u00f3 la disputa energ\u00e9tica de &#8220;majadera&#8221;, se declar\u00f3 el pasado 2 de septiembre &#8220;satisfecho&#8221; por una carta de su hom\u00f3logo estadounidense, Joe Biden, para abordar el asunto.<\/p>\n\n\n\n<p>El subsecretario estadounidense explic\u00f3 que la conversaci\u00f3n ir\u00e1 m\u00e1s all\u00e1 de los temas econ\u00f3micos y comerciales, pues se abordar\u00e1 la cooperaci\u00f3n en materia migratoria.<\/p>\n\n\n\n<p>En la \u00faltima reuni\u00f3n que tuvieron Biden y L\u00f3pez Obrador en la Casa Blanca el pasado julio, M\u00e9xico se comprometi\u00f3 a invertir 1.500 millones de d\u00f3lares para reforzar su infraestructura fronteriza.<\/p>\n","protected":false},"excerpt":{"rendered":"<p>El secretario de Estado de EE.UU., Antony Blinken, se reunir\u00e1 con el presidente mexicano, Andr\u00e9s Manuel L\u00f3pez Obrador, durante su visita a Ciudad de M\u00e9xico la pr\u00f3xima semana, anunci\u00f3 este viernes el Departamento de Estado. El subsecretario estadounidense para Am\u00e9rica Latina, Brian Nichols, dijo en una rueda de prensa telef\u00f3nica que la reuni\u00f3n fue propuesta [&hellip;]<\/p>\n","protected":false},"author":80,"featured_media":229353,"comment_status":"closed","ping_status":"closed","sticky":false,"template":"","format":"standard","meta":{"footnotes":""},"categories":[36,31],"tags":[],"class_list":["post-229352","post","type-post","status-publish","format-standard","has-post-thumbnail","hentry","category-nacion","category-orbe"],"_links":{"self":[{"href":"https:\/\/plazajuarez.mx\/historico\/wp-json\/wp\/v2\/posts\/229352","targetHints":{"allow":["GET"]}}],"collection":[{"href":"https:\/\/plazajuarez.mx\/historico\/wp-json\/wp\/v2\/posts"}],"about":[{"href":"https:\/\/plazajuarez.mx\/historico\/wp-json\/wp\/v2\/types\/post"}],"author":[{"embeddable":true,"href":"https:\/\/plazajuarez.mx\/historico\/wp-json\/wp\/v2\/users\/80"}],"replies":[{"embeddable":true,"href":"https:\/\/plazajuarez.mx\/historico\/wp-json\/wp\/v2\/comments?post=229352"}],"version-history":[{"count":0,"href":"https:\/\/plazajuarez.mx\/historico\/wp-json\/wp\/v2\/posts\/229352\/revisions"}],"wp:featuredmedia":[{"embeddable":true,"href":"https:\/\/plazajuarez.mx\/historico\/wp-json\/wp\/v2\/media\/229353"}],"wp:attachment":[{"href":"https:\/\/plazajuarez.mx\/historico\/wp-json\/wp\/v2\/media?parent=229352"}],"wp:term":[{"taxonomy":"category","embeddable":true,"href":"https:\/\/plazajuarez.mx\/historico\/wp-json\/wp\/v2\/categories?post=229352"},{"taxonomy":"post_tag","embeddable":true,"href":"https:\/\/plazajuarez.mx\/historico\/wp-json\/wp\/v2\/tags?post=229352"}],"curies":[{"name":"wp","href":"https:\/\/api.w.org\/{rel}","templated":true}]}}