{"id":229343,"date":"2022-09-10T11:53:20","date_gmt":"2022-09-10T16:53:20","guid":{"rendered":"https:\/\/plazajuarez.mx\/?p=229343"},"modified":"2022-09-10T11:53:26","modified_gmt":"2022-09-10T16:53:26","slug":"libros_zocalo","status":"publish","type":"post","link":"https:\/\/plazajuarez.mx\/historico\/libros_zocalo\/","title":{"rendered":"Noam Chomsky y libros gratis en la Feria del libro del Z\u00f3calo 2022"},"content":{"rendered":"\n<p> El fil\u00f3sofo y ling\u00fcista estadounidense Noam Chomsky encabeza el cartel de invitados a la XXII Feria Internacional del Libro en el Z\u00f3calo 2022, que se llevar\u00e1 a cabo del 7 al 16 de octubre. La tem\u00e1tica de esta edici\u00f3n ser\u00e1 &#8220;Latinoam\u00e9rica a la Vanguardia&#8221;.<\/p>\n\n\n\n<p>La escritora Elena Poniatowska tambi\u00e9n participar\u00e1 como invitada, mientras que la activista Rosario Ibarra de Piedra -que falleci\u00f3 en abril- y el pol\u00edtico franc\u00e9s Jean-Luc M\u00e9lenchon ser\u00e1n homenajeados en el encuentro literario, dijo Claudia Curiel de Icaza, secretaria de Cultura de la Ciudad de M\u00e9xico, a trav\u00e9s de un comunicado.<\/p>\n\n\n\n<p>La FIL Z\u00f3calo 2022 contar\u00e1 en total con 210 editoriales internacionales y 55 invitados extranjeros \u2013desde escritores, analistas pol\u00edticos y servidores p\u00fablicos de Colombia, Brasil, Argentina, Ecuador, Venezuela, Chile, Cuba, Bolivia, Espa\u00f1a, Francia, Italia y Estados Unidos\u2013, as\u00ed como m\u00e1s de 150 escritores nacionales.<\/p>\n\n\n\n<p>Entre las actividades a realizarse se encuentran mesas redondas, debates, conferencias, charlas, entrevistas, presentaciones de libros, presentaciones musicales. Tambi\u00e9n habr\u00e1 proyecciones cinematogr\u00e1ficas y conciertos musicales, entre los que se encuentra el de la banda The No Smoking Orchestra, del director de cine Emir Kusturica.<\/p>\n\n\n\n<p>Adem\u00e1s de las actividades y la venta de libros, el encuentro librero regalar\u00e1 alrededor de 10 mil ejemplares de una antolog\u00eda de textos period\u00edsticos de Elena Poniatowska; &#8220;La Revoluci\u00f3n Magonista&#8221;, de Armando Bartra y Jacinto Barrera; &#8220;Paz y Rutina&#8221; de Bernardo Fern\u00e1ndez &#8220;BEF&#8221; y Porcayo; &#8220;La Peor Se\u00f1ora del Mundo&#8221;, edici\u00f3n especial de Francisco Hinojosa; y &#8220;Con las sendas abiertas de Am\u00e9rica Latina&#8221;, una compilaci\u00f3n de autores.<\/p>\n\n\n\n<p>La programaci\u00f3n de la Feria Internacional del Libro en el Z\u00f3calo 2022 se podr\u00e1 consultar en los sitios web filzocalo.cdmx.gob.mx y cartelera.cdmx.gob.mx.<\/p>\n","protected":false},"excerpt":{"rendered":"<p>El fil\u00f3sofo y ling\u00fcista estadounidense Noam Chomsky encabeza el cartel de invitados a la XXII Feria Internacional del Libro en el Z\u00f3calo 2022, que se llevar\u00e1 a cabo del 7 al 16 de octubre. La tem\u00e1tica de esta edici\u00f3n ser\u00e1 &#8220;Latinoam\u00e9rica a la Vanguardia&#8221;. La escritora Elena Poniatowska tambi\u00e9n participar\u00e1 como invitada, mientras que la [&hellip;]<\/p>\n","protected":false},"author":81,"featured_media":229344,"comment_status":"closed","ping_status":"closed","sticky":false,"template":"","format":"standard","meta":{"footnotes":""},"categories":[41,36,2160],"tags":[],"class_list":["post-229343","post","type-post","status-publish","format-standard","has-post-thumbnail","hentry","category-arteria-cultural","category-nacion","category-noticias-de-la-ciudad-de-mexico"],"_links":{"self":[{"href":"https:\/\/plazajuarez.mx\/historico\/wp-json\/wp\/v2\/posts\/229343","targetHints":{"allow":["GET"]}}],"collection":[{"href":"https:\/\/plazajuarez.mx\/historico\/wp-json\/wp\/v2\/posts"}],"about":[{"href":"https:\/\/plazajuarez.mx\/historico\/wp-json\/wp\/v2\/types\/post"}],"author":[{"embeddable":true,"href":"https:\/\/plazajuarez.mx\/historico\/wp-json\/wp\/v2\/users\/81"}],"replies":[{"embeddable":true,"href":"https:\/\/plazajuarez.mx\/historico\/wp-json\/wp\/v2\/comments?post=229343"}],"version-history":[{"count":0,"href":"https:\/\/plazajuarez.mx\/historico\/wp-json\/wp\/v2\/posts\/229343\/revisions"}],"wp:featuredmedia":[{"embeddable":true,"href":"https:\/\/plazajuarez.mx\/historico\/wp-json\/wp\/v2\/media\/229344"}],"wp:attachment":[{"href":"https:\/\/plazajuarez.mx\/historico\/wp-json\/wp\/v2\/media?parent=229343"}],"wp:term":[{"taxonomy":"category","embeddable":true,"href":"https:\/\/plazajuarez.mx\/historico\/wp-json\/wp\/v2\/categories?post=229343"},{"taxonomy":"post_tag","embeddable":true,"href":"https:\/\/plazajuarez.mx\/historico\/wp-json\/wp\/v2\/tags?post=229343"}],"curies":[{"name":"wp","href":"https:\/\/api.w.org\/{rel}","templated":true}]}}