{"id":229019,"date":"2022-09-08T09:41:45","date_gmt":"2022-09-08T14:41:45","guid":{"rendered":"https:\/\/plazajuarez.mx\/?p=229019"},"modified":"2022-09-08T09:41:50","modified_gmt":"2022-09-08T14:41:50","slug":"aplicaran-vacunas-de-refuerzo-y-primeras-dosis-contra-covid","status":"publish","type":"post","link":"https:\/\/plazajuarez.mx\/historico\/aplicaran-vacunas-de-refuerzo-y-primeras-dosis-contra-covid\/","title":{"rendered":"Aplicar\u00e1n vacunas de refuerzo y primeras dosis contra Covid"},"content":{"rendered":"\n<p>Tulancingo de Bravo.- En los municipios de Tulancingo, Santiago Tulantepec y Cuautepec de Hinojosa, durante este jueves y viernes, se llevar\u00e1 a cabo la vacunaci\u00f3n de refuerzo contra Covid-19 para mayores de 60 a\u00f1os y primera dosis a mayores de 18 a\u00f1os.\u00a0<\/p>\n\n\n\n<p>De acuerdo con la convocatoria publicada por la Delegaci\u00f3n del Bienestar, en el caso de Tulancingo, la jornada de vacunaci\u00f3n ser\u00e1 en los d\u00edas citados, en un horario de 8:00 a 14:00 horas.<\/p>\n\n\n\n<p>Las sedes para la aplicaci\u00f3n del biol\u00f3gico en Tulancingo son: la Unidad M\u00e9dica Familiar (UMF) 34, ISSSTE Tulancingo, Santa Ana Hueytlalpan y la Presidencia Municipal.&nbsp;<\/p>\n\n\n\n<p>En lo que respecta al municipio santiaguense, la inoculaci\u00f3n ser\u00e1 el viernes en el Auditorio 1 de Abril, en un horario similar.<\/p>\n\n\n\n<p>Para Cuautepec de Hinojosa, la vacunaci\u00f3n tambi\u00e9n ser\u00e1 los d\u00edas 8 y 9 de septiembre, en el auditorio de la cabecera municipal, as\u00ed como en el de San Lorenzo y Santa Elena Paliseca, estos dos \u00faltimos \u00fanicamente el d\u00eda 8 de septiembre.&nbsp;<\/p>\n\n\n\n<p>En cuanto a Singuilucan, municipio que integra la Jurisdicci\u00f3n Sanitaria n\u00famero ll Tulancingo, a la que pertenecen los otros tres municipios, se espera que le sean liberadas las dosis para las pr\u00f3ximas semanas.&nbsp;&nbsp;<\/p>\n\n\n\n<p>En los tres municipios donde se habilitaron las sedes de vacunaci\u00f3n se aplicar\u00e1 el f\u00e1rmaco Cansino, a mayores de 60 a\u00f1os de edad, cuarta dosis o refuerzo; personas mayores de 18 a\u00f1os, que no han completado esquemas, embarazadas sin vacuna o esquema incompleto.<\/p>\n\n\n\n<p>Los interesados deber\u00e1n acudir con credencial de elector, CURP y expediente de vacunaci\u00f3n.<\/p>\n","protected":false},"excerpt":{"rendered":"<p>Tulancingo de Bravo.- En los municipios de Tulancingo, Santiago Tulantepec y Cuautepec de Hinojosa, durante este jueves y viernes, se llevar\u00e1 a cabo la vacunaci\u00f3n de refuerzo contra Covid-19 para mayores de 60 a\u00f1os y primera dosis a mayores de 18 a\u00f1os.\u00a0 De acuerdo con la convocatoria publicada por la Delegaci\u00f3n del Bienestar, en el [&hellip;]<\/p>\n","protected":false},"author":70,"featured_media":229020,"comment_status":"closed","ping_status":"closed","sticky":false,"template":"","format":"standard","meta":{"footnotes":""},"categories":[2159,40],"tags":[],"class_list":["post-229019","post","type-post","status-publish","format-standard","has-post-thumbnail","hentry","category-noticias-de-hidalgo","category-region"],"_links":{"self":[{"href":"https:\/\/plazajuarez.mx\/historico\/wp-json\/wp\/v2\/posts\/229019","targetHints":{"allow":["GET"]}}],"collection":[{"href":"https:\/\/plazajuarez.mx\/historico\/wp-json\/wp\/v2\/posts"}],"about":[{"href":"https:\/\/plazajuarez.mx\/historico\/wp-json\/wp\/v2\/types\/post"}],"author":[{"embeddable":true,"href":"https:\/\/plazajuarez.mx\/historico\/wp-json\/wp\/v2\/users\/70"}],"replies":[{"embeddable":true,"href":"https:\/\/plazajuarez.mx\/historico\/wp-json\/wp\/v2\/comments?post=229019"}],"version-history":[{"count":0,"href":"https:\/\/plazajuarez.mx\/historico\/wp-json\/wp\/v2\/posts\/229019\/revisions"}],"wp:featuredmedia":[{"embeddable":true,"href":"https:\/\/plazajuarez.mx\/historico\/wp-json\/wp\/v2\/media\/229020"}],"wp:attachment":[{"href":"https:\/\/plazajuarez.mx\/historico\/wp-json\/wp\/v2\/media?parent=229019"}],"wp:term":[{"taxonomy":"category","embeddable":true,"href":"https:\/\/plazajuarez.mx\/historico\/wp-json\/wp\/v2\/categories?post=229019"},{"taxonomy":"post_tag","embeddable":true,"href":"https:\/\/plazajuarez.mx\/historico\/wp-json\/wp\/v2\/tags?post=229019"}],"curies":[{"name":"wp","href":"https:\/\/api.w.org\/{rel}","templated":true}]}}