{"id":228885,"date":"2022-09-07T09:42:27","date_gmt":"2022-09-07T14:42:27","guid":{"rendered":"https:\/\/plazajuarez.mx\/?p=228885"},"modified":"2022-09-07T09:42:33","modified_gmt":"2022-09-07T14:42:33","slug":"revisan-espacios-de-alimentacion-encuentro-y-desarrollo","status":"publish","type":"post","link":"https:\/\/plazajuarez.mx\/historico\/revisan-espacios-de-alimentacion-encuentro-y-desarrollo\/","title":{"rendered":"Revisan espacios de alimentaci\u00f3n, encuentro y desarrollo"},"content":{"rendered":"\n<p>TULANCINGO.- La directora del DIF Municipal de Tulancingo, Juana Cruz Islas y el \u00c1rea de Asistencia Alimentaria, realizaron la revisi\u00f3n de los Espacios de Alimentaci\u00f3n Encuentro y Desarrollo, que forman parte del programa Federal.<\/p>\n\n\n\n<p>Actividad efectuada por el Sistema para el Desarrollo Integral de la Familia, que preside Yolanda Magaldi Rivera.<\/p>\n\n\n\n<p>Durante el recorrido se constat\u00f3 que todo est\u00e1 listo y en las condiciones adecuadas, al igual que se han implementado todas las medidas de bioseguridad, para el retorno a clases.<\/p>\n\n\n\n<p>El n\u00famero de espacios que ofrecen este servicio, son 14 pero por el momento, solo 12 est\u00e1n abiertos.&nbsp;<\/p>\n\n\n\n<p>Las escuelas d\u00f3nde se encuentran son: Justo Sierra, Martin Urrutia, Pablo L\u00f3pez, Ibero Americana, Aquiles Serd\u00e1n, Rafael Ram\u00edrez, Miguel Hidalgo, Isaac Gonz\u00e1lez, Ignacio Allende, Hermenegildo Galeana, Claudio Rodr\u00edguez y el CAM 5.<\/p>\n\n\n\n<p>Se inform\u00f3 que con una cuota de recuperaci\u00f3n de 8.50 pesos para ni\u00f1os y 12 pesos para adultos, la ciudadan\u00eda tiene la oportunidad de adquirir una nutritivo platillo, entre sus clases, que consiste en sopa, guisado, agua, y postre que es una fruta de temporada.<\/p>\n\n\n\n<p>La titular del organismo asistencial dio a conocer que es un programa en el que DIF Federal, DIF Estatal y DIF Municipal trabajan juntos para ofrecer este beneficio, en pro del desarrollo f\u00edsico e intelectual de los peque\u00f1os.<\/p>\n","protected":false},"excerpt":{"rendered":"<p>TULANCINGO.- La directora del DIF Municipal de Tulancingo, Juana Cruz Islas y el \u00c1rea de Asistencia Alimentaria, realizaron la revisi\u00f3n de los Espacios de Alimentaci\u00f3n Encuentro y Desarrollo, que forman parte del programa Federal. Actividad efectuada por el Sistema para el Desarrollo Integral de la Familia, que preside Yolanda Magaldi Rivera. Durante el recorrido se [&hellip;]<\/p>\n","protected":false},"author":93,"featured_media":228886,"comment_status":"closed","ping_status":"closed","sticky":false,"template":"","format":"standard","meta":{"footnotes":""},"categories":[59,2159],"tags":[],"class_list":["post-228885","post","type-post","status-publish","format-standard","has-post-thumbnail","hentry","category-general","category-noticias-de-hidalgo"],"_links":{"self":[{"href":"https:\/\/plazajuarez.mx\/historico\/wp-json\/wp\/v2\/posts\/228885","targetHints":{"allow":["GET"]}}],"collection":[{"href":"https:\/\/plazajuarez.mx\/historico\/wp-json\/wp\/v2\/posts"}],"about":[{"href":"https:\/\/plazajuarez.mx\/historico\/wp-json\/wp\/v2\/types\/post"}],"author":[{"embeddable":true,"href":"https:\/\/plazajuarez.mx\/historico\/wp-json\/wp\/v2\/users\/93"}],"replies":[{"embeddable":true,"href":"https:\/\/plazajuarez.mx\/historico\/wp-json\/wp\/v2\/comments?post=228885"}],"version-history":[{"count":0,"href":"https:\/\/plazajuarez.mx\/historico\/wp-json\/wp\/v2\/posts\/228885\/revisions"}],"wp:featuredmedia":[{"embeddable":true,"href":"https:\/\/plazajuarez.mx\/historico\/wp-json\/wp\/v2\/media\/228886"}],"wp:attachment":[{"href":"https:\/\/plazajuarez.mx\/historico\/wp-json\/wp\/v2\/media?parent=228885"}],"wp:term":[{"taxonomy":"category","embeddable":true,"href":"https:\/\/plazajuarez.mx\/historico\/wp-json\/wp\/v2\/categories?post=228885"},{"taxonomy":"post_tag","embeddable":true,"href":"https:\/\/plazajuarez.mx\/historico\/wp-json\/wp\/v2\/tags?post=228885"}],"curies":[{"name":"wp","href":"https:\/\/api.w.org\/{rel}","templated":true}]}}