{"id":228882,"date":"2022-09-07T09:41:34","date_gmt":"2022-09-07T14:41:34","guid":{"rendered":"https:\/\/plazajuarez.mx\/?p=228882"},"modified":"2022-09-07T09:41:39","modified_gmt":"2022-09-07T14:41:39","slug":"construiran-memorial-para-victimas-de-covid","status":"publish","type":"post","link":"https:\/\/plazajuarez.mx\/historico\/construiran-memorial-para-victimas-de-covid\/","title":{"rendered":"Construir\u00e1n memorial para v\u00edctimas de Covid"},"content":{"rendered":"\n<p>San Salvador.- El gobierno municipal dio a conocer, que en memoria de las v\u00edctimas de Covid-19, se va a construir un mausoleo; para ello, fue emitida una convocatoria para el concurso del dise\u00f1o del memorial, que contendr\u00e1 el nombre de todas las v\u00edctimas que murieron a consecuencia de esta pandemia.<\/p>\n\n\n\n<p>De acuerdo a la presidencia municipal de San Salvador, esta convocatoria est\u00e1 dirigida a los profesionales de la construcci\u00f3n, como lo son: arquitectos, ingenieros o bien, estudiantes afines a estas carreras, para que presenten dicho proyecto y dise\u00f1o, acorde a la armon\u00eda urbana del municipio.<\/p>\n\n\n\n<p>\u201c\u00danicamente podr\u00e1n participar profesionales y estudiantes pertenecientes al municipio de San Salvador\u201d. El cierre de la inscripci\u00f3n de los proyectos, ser\u00e1 el pr\u00f3ximo 8 de septiembre, mientras que el 13 del mismo mes, se har\u00e1 una visita ocular a la obra para aclaraci\u00f3n de las dudas.<\/p>\n\n\n\n<p>El 11 de octubre, se deber\u00e1n presentar los proyectos de manera digital, asimismo se debe ofrecer una maqueta con un recorrido virtual y planos, ese d\u00eda se dar\u00e1 a conocer al ganador de este concurso.<\/p>\n","protected":false},"excerpt":{"rendered":"<p>San Salvador.- El gobierno municipal dio a conocer, que en memoria de las v\u00edctimas de Covid-19, se va a construir un mausoleo; para ello, fue emitida una convocatoria para el concurso del dise\u00f1o del memorial, que contendr\u00e1 el nombre de todas las v\u00edctimas que murieron a consecuencia de esta pandemia. De acuerdo a la presidencia [&hellip;]<\/p>\n","protected":false},"author":75,"featured_media":228883,"comment_status":"closed","ping_status":"closed","sticky":false,"template":"","format":"standard","meta":{"footnotes":""},"categories":[2159,40],"tags":[],"class_list":["post-228882","post","type-post","status-publish","format-standard","has-post-thumbnail","hentry","category-noticias-de-hidalgo","category-region"],"_links":{"self":[{"href":"https:\/\/plazajuarez.mx\/historico\/wp-json\/wp\/v2\/posts\/228882","targetHints":{"allow":["GET"]}}],"collection":[{"href":"https:\/\/plazajuarez.mx\/historico\/wp-json\/wp\/v2\/posts"}],"about":[{"href":"https:\/\/plazajuarez.mx\/historico\/wp-json\/wp\/v2\/types\/post"}],"author":[{"embeddable":true,"href":"https:\/\/plazajuarez.mx\/historico\/wp-json\/wp\/v2\/users\/75"}],"replies":[{"embeddable":true,"href":"https:\/\/plazajuarez.mx\/historico\/wp-json\/wp\/v2\/comments?post=228882"}],"version-history":[{"count":0,"href":"https:\/\/plazajuarez.mx\/historico\/wp-json\/wp\/v2\/posts\/228882\/revisions"}],"wp:featuredmedia":[{"embeddable":true,"href":"https:\/\/plazajuarez.mx\/historico\/wp-json\/wp\/v2\/media\/228883"}],"wp:attachment":[{"href":"https:\/\/plazajuarez.mx\/historico\/wp-json\/wp\/v2\/media?parent=228882"}],"wp:term":[{"taxonomy":"category","embeddable":true,"href":"https:\/\/plazajuarez.mx\/historico\/wp-json\/wp\/v2\/categories?post=228882"},{"taxonomy":"post_tag","embeddable":true,"href":"https:\/\/plazajuarez.mx\/historico\/wp-json\/wp\/v2\/tags?post=228882"}],"curies":[{"name":"wp","href":"https:\/\/api.w.org\/{rel}","templated":true}]}}