{"id":228834,"date":"2022-09-07T09:17:11","date_gmt":"2022-09-07T14:17:11","guid":{"rendered":"https:\/\/plazajuarez.mx\/?p=228834"},"modified":"2022-09-07T09:17:28","modified_gmt":"2022-09-07T14:17:28","slug":"dese-por-enterado-1016","status":"publish","type":"post","link":"https:\/\/plazajuarez.mx\/historico\/dese-por-enterado-1016\/","title":{"rendered":"DESE POR ENTERADO"},"content":{"rendered":"\n<p><strong>AVISO A TIEMPO.<\/strong> \u2013 Muy estimados se\u00f1ores que dirigen un partido pol\u00edtico como Morena en Hidalgo. <strong>La ciudadan\u00eda eligi\u00f3 como su gobernador a Julio Menchaca Salazar, no a ustedes<\/strong>. S\u00ed, es cierto, son los que dirigen el movimiento que llev\u00f3 al Cuarto Piso de Palacio de Gobierno al hoy primer mandatario de la entidad, pero el asunto es que cuando tom\u00f3 posesi\u00f3n, de ning\u00fan modo anunci\u00f3 que s\u00f3lo atender\u00e1 o estar\u00e1 con los que militan en su partido. No es as\u00ed, no lo ser\u00e1 nunca. El gobernador gobierna para todos. Y gobierna \u00e9l, no ustedes, no tampoco los que hoy le aconsejan que de plano meta al bote a todos los del gabinete del gobierno pasado, nom\u00e1s para que aprendan. No. Gobernar es asunto serio, no de los que de pronto ya se toman atribuciones sin que nadie, absolutamente nadie, haya votado por ellos. <strong>El que gan\u00f3 la elecci\u00f3n, an\u00f3tenlo bien y gr\u00e1benselo bien en sus cabecitas locas, fue JULIO RAM\u00d3N MENCHACA SALAZAR. No ustedes. As\u00ed que no se pasen de vivos<\/strong>. Est\u00e1n avisados.<\/p>\n\n\n\n<figure class=\"wp-block-image size-full\"><img loading=\"lazy\" decoding=\"async\" width=\"2560\" height=\"1707\" src=\"https:\/\/plazajuarez.mx\/historico\/historico\/wp-content\/uploads\/2022\/09\/AVISO-A-TIEMPO.-\u2013-Diario-Plaza-Jua\u0301rez--scaled.jpg\" alt=\"\" class=\"wp-image-228835\" srcset=\"https:\/\/plazajuarez.mx\/historico\/wp-content\/uploads\/2022\/09\/AVISO-A-TIEMPO.-\u2013-Diario-Plaza-Jua\u0301rez--scaled.jpg 2560w, https:\/\/plazajuarez.mx\/historico\/wp-content\/uploads\/2022\/09\/AVISO-A-TIEMPO.-\u2013-Diario-Plaza-Jua\u0301rez--768x512.jpg 768w, https:\/\/plazajuarez.mx\/historico\/wp-content\/uploads\/2022\/09\/AVISO-A-TIEMPO.-\u2013-Diario-Plaza-Jua\u0301rez--1536x1024.jpg 1536w, https:\/\/plazajuarez.mx\/historico\/wp-content\/uploads\/2022\/09\/AVISO-A-TIEMPO.-\u2013-Diario-Plaza-Jua\u0301rez--2048x1365.jpg 2048w, https:\/\/plazajuarez.mx\/historico\/wp-content\/uploads\/2022\/09\/AVISO-A-TIEMPO.-\u2013-Diario-Plaza-Jua\u0301rez--274x183.jpg 274w, https:\/\/plazajuarez.mx\/historico\/wp-content\/uploads\/2022\/09\/AVISO-A-TIEMPO.-\u2013-Diario-Plaza-Jua\u0301rez--80x54.jpg 80w, https:\/\/plazajuarez.mx\/historico\/wp-content\/uploads\/2022\/09\/AVISO-A-TIEMPO.-\u2013-Diario-Plaza-Jua\u0301rez--130x87.jpg 130w, https:\/\/plazajuarez.mx\/historico\/wp-content\/uploads\/2022\/09\/AVISO-A-TIEMPO.-\u2013-Diario-Plaza-Jua\u0301rez--359x240.jpg 359w, https:\/\/plazajuarez.mx\/historico\/wp-content\/uploads\/2022\/09\/AVISO-A-TIEMPO.-\u2013-Diario-Plaza-Jua\u0301rez--85x57.jpg 85w, https:\/\/plazajuarez.mx\/historico\/wp-content\/uploads\/2022\/09\/AVISO-A-TIEMPO.-\u2013-Diario-Plaza-Jua\u0301rez--546x365.jpg 546w, https:\/\/plazajuarez.mx\/historico\/wp-content\/uploads\/2022\/09\/AVISO-A-TIEMPO.-\u2013-Diario-Plaza-Jua\u0301rez--165x109.jpg 165w, https:\/\/plazajuarez.mx\/historico\/wp-content\/uploads\/2022\/09\/AVISO-A-TIEMPO.-\u2013-Diario-Plaza-Jua\u0301rez--112x75.jpg 112w, https:\/\/plazajuarez.mx\/historico\/wp-content\/uploads\/2022\/09\/AVISO-A-TIEMPO.-\u2013-Diario-Plaza-Jua\u0301rez--179x120.jpg 179w, https:\/\/plazajuarez.mx\/historico\/wp-content\/uploads\/2022\/09\/AVISO-A-TIEMPO.-\u2013-Diario-Plaza-Jua\u0301rez--170x113.jpg 170w, https:\/\/plazajuarez.mx\/historico\/wp-content\/uploads\/2022\/09\/AVISO-A-TIEMPO.-\u2013-Diario-Plaza-Jua\u0301rez--81x55.jpg 81w, https:\/\/plazajuarez.mx\/historico\/wp-content\/uploads\/2022\/09\/AVISO-A-TIEMPO.-\u2013-Diario-Plaza-Jua\u0301rez--765x510.jpg 765w\" sizes=\"auto, (max-width: 2560px) 100vw, 2560px\" \/><\/figure>\n\n\n\n<p><strong>TAREA DE JULIO VALERA, HACER QUE FUNCIONE EL SISTEMA PARA VOTAR.<\/strong> &#8211; Pues resulta que nuevamente fall\u00f3 el sistema de c\u00f3mputo mediante el cual, los diputados iban a poder emitir sus votos y realizar su pase de lista. La semana pasada lo intentaron los legisladores; sin embargo, al no funcionar, realizaron el pase y las votaciones a grito pelado, ya que nada m\u00e1s no funcionaron los equipos, el sistema y todo. Cabe recordar que la modernizaci\u00f3n que ha resultado inoperante le cost\u00f3 al pueblo de Hidalgo ni m\u00e1s ni menos que un mill\u00f3n 800 mil pesos.<\/p>\n\n\n\n<figure class=\"wp-block-image size-full\"><img loading=\"lazy\" decoding=\"async\" width=\"1395\" height=\"929\" src=\"https:\/\/plazajuarez.mx\/historico\/historico\/wp-content\/uploads\/2022\/09\/OK-TAREA-DE-JULIO-VALERA-HACER-QUE-FUNCIONE-EL-SISTEMA-PARA-VOTAR.-Diario-Plaza-Jua\u0301rez.jpg\" alt=\"\" class=\"wp-image-228836\" srcset=\"https:\/\/plazajuarez.mx\/historico\/wp-content\/uploads\/2022\/09\/OK-TAREA-DE-JULIO-VALERA-HACER-QUE-FUNCIONE-EL-SISTEMA-PARA-VOTAR.-Diario-Plaza-Jua\u0301rez.jpg 1395w, https:\/\/plazajuarez.mx\/historico\/wp-content\/uploads\/2022\/09\/OK-TAREA-DE-JULIO-VALERA-HACER-QUE-FUNCIONE-EL-SISTEMA-PARA-VOTAR.-Diario-Plaza-Jua\u0301rez-768x511.jpg 768w, https:\/\/plazajuarez.mx\/historico\/wp-content\/uploads\/2022\/09\/OK-TAREA-DE-JULIO-VALERA-HACER-QUE-FUNCIONE-EL-SISTEMA-PARA-VOTAR.-Diario-Plaza-Jua\u0301rez-274x183.jpg 274w, https:\/\/plazajuarez.mx\/historico\/wp-content\/uploads\/2022\/09\/OK-TAREA-DE-JULIO-VALERA-HACER-QUE-FUNCIONE-EL-SISTEMA-PARA-VOTAR.-Diario-Plaza-Jua\u0301rez-80x54.jpg 80w, https:\/\/plazajuarez.mx\/historico\/wp-content\/uploads\/2022\/09\/OK-TAREA-DE-JULIO-VALERA-HACER-QUE-FUNCIONE-EL-SISTEMA-PARA-VOTAR.-Diario-Plaza-Jua\u0301rez-130x87.jpg 130w, https:\/\/plazajuarez.mx\/historico\/wp-content\/uploads\/2022\/09\/OK-TAREA-DE-JULIO-VALERA-HACER-QUE-FUNCIONE-EL-SISTEMA-PARA-VOTAR.-Diario-Plaza-Jua\u0301rez-359x240.jpg 359w, https:\/\/plazajuarez.mx\/historico\/wp-content\/uploads\/2022\/09\/OK-TAREA-DE-JULIO-VALERA-HACER-QUE-FUNCIONE-EL-SISTEMA-PARA-VOTAR.-Diario-Plaza-Jua\u0301rez-85x57.jpg 85w, https:\/\/plazajuarez.mx\/historico\/wp-content\/uploads\/2022\/09\/OK-TAREA-DE-JULIO-VALERA-HACER-QUE-FUNCIONE-EL-SISTEMA-PARA-VOTAR.-Diario-Plaza-Jua\u0301rez-546x365.jpg 546w, https:\/\/plazajuarez.mx\/historico\/wp-content\/uploads\/2022\/09\/OK-TAREA-DE-JULIO-VALERA-HACER-QUE-FUNCIONE-EL-SISTEMA-PARA-VOTAR.-Diario-Plaza-Jua\u0301rez-165x109.jpg 165w, https:\/\/plazajuarez.mx\/historico\/wp-content\/uploads\/2022\/09\/OK-TAREA-DE-JULIO-VALERA-HACER-QUE-FUNCIONE-EL-SISTEMA-PARA-VOTAR.-Diario-Plaza-Jua\u0301rez-112x75.jpg 112w, https:\/\/plazajuarez.mx\/historico\/wp-content\/uploads\/2022\/09\/OK-TAREA-DE-JULIO-VALERA-HACER-QUE-FUNCIONE-EL-SISTEMA-PARA-VOTAR.-Diario-Plaza-Jua\u0301rez-179x120.jpg 179w, https:\/\/plazajuarez.mx\/historico\/wp-content\/uploads\/2022\/09\/OK-TAREA-DE-JULIO-VALERA-HACER-QUE-FUNCIONE-EL-SISTEMA-PARA-VOTAR.-Diario-Plaza-Jua\u0301rez-170x113.jpg 170w, https:\/\/plazajuarez.mx\/historico\/wp-content\/uploads\/2022\/09\/OK-TAREA-DE-JULIO-VALERA-HACER-QUE-FUNCIONE-EL-SISTEMA-PARA-VOTAR.-Diario-Plaza-Jua\u0301rez-81x55.jpg 81w, https:\/\/plazajuarez.mx\/historico\/wp-content\/uploads\/2022\/09\/OK-TAREA-DE-JULIO-VALERA-HACER-QUE-FUNCIONE-EL-SISTEMA-PARA-VOTAR.-Diario-Plaza-Jua\u0301rez-765x510.jpg 765w\" sizes=\"auto, (max-width: 1395px) 100vw, 1395px\" \/><\/figure>\n\n\n\n<p><strong>POR CIERTO, EN LA TOMA DE POSESI\u00d3N<\/strong>. &#8211; El que intent\u00f3 minimizar a la prensa local, fue el dirigente nacional de Morena, <strong>Mario Delgado<\/strong>, qui\u00e9n desair\u00f3 las preguntas de los reporteros fingiendo tener empat\u00eda con la gente para tomarse selfies. Dicen que un reportero tuvo que gritarle: \u00a1as\u00ed va a tratar a la prensa!, para que el se\u00f1or volteara y contestara los cuestionamientos. Es pertinente que, en un inicio, cuando se le pregunt\u00f3 sobre las impugnaciones al proceso de elecci\u00f3n interno del partido, asegur\u00f3 que no hab\u00eda impugnaciones, pero luego no le qued\u00f3 m\u00e1s que reconocer que al menos en Hidalgo hay 15 y que se tendr\u00e1n que resolver. Su actitud recuerda un poco a la forma en que actuaba con la prensa local, do\u00f1a <strong>Chayo Robles Berlanga<\/strong> y ya se vio&#8230; hoy tienen un cargo, ma\u00f1ana est\u00e1n solos.<\/p>\n\n\n\n<figure class=\"wp-block-image size-full\"><img loading=\"lazy\" decoding=\"async\" width=\"1280\" height=\"853\" src=\"https:\/\/plazajuarez.mx\/historico\/historico\/wp-content\/uploads\/2022\/09\/POR-CIERTO-EN-LA-TOMA-DE-POSESIO\u0301N.-Diario-Plaza-Jua\u0301rez-.jpg\" alt=\"\" class=\"wp-image-228837\" srcset=\"https:\/\/plazajuarez.mx\/historico\/wp-content\/uploads\/2022\/09\/POR-CIERTO-EN-LA-TOMA-DE-POSESIO\u0301N.-Diario-Plaza-Jua\u0301rez-.jpg 1280w, https:\/\/plazajuarez.mx\/historico\/wp-content\/uploads\/2022\/09\/POR-CIERTO-EN-LA-TOMA-DE-POSESIO\u0301N.-Diario-Plaza-Jua\u0301rez--768x512.jpg 768w, https:\/\/plazajuarez.mx\/historico\/wp-content\/uploads\/2022\/09\/POR-CIERTO-EN-LA-TOMA-DE-POSESIO\u0301N.-Diario-Plaza-Jua\u0301rez--274x183.jpg 274w, https:\/\/plazajuarez.mx\/historico\/wp-content\/uploads\/2022\/09\/POR-CIERTO-EN-LA-TOMA-DE-POSESIO\u0301N.-Diario-Plaza-Jua\u0301rez--80x54.jpg 80w, https:\/\/plazajuarez.mx\/historico\/wp-content\/uploads\/2022\/09\/POR-CIERTO-EN-LA-TOMA-DE-POSESIO\u0301N.-Diario-Plaza-Jua\u0301rez--130x87.jpg 130w, https:\/\/plazajuarez.mx\/historico\/wp-content\/uploads\/2022\/09\/POR-CIERTO-EN-LA-TOMA-DE-POSESIO\u0301N.-Diario-Plaza-Jua\u0301rez--359x240.jpg 359w, https:\/\/plazajuarez.mx\/historico\/wp-content\/uploads\/2022\/09\/POR-CIERTO-EN-LA-TOMA-DE-POSESIO\u0301N.-Diario-Plaza-Jua\u0301rez--85x57.jpg 85w, https:\/\/plazajuarez.mx\/historico\/wp-content\/uploads\/2022\/09\/POR-CIERTO-EN-LA-TOMA-DE-POSESIO\u0301N.-Diario-Plaza-Jua\u0301rez--546x365.jpg 546w, https:\/\/plazajuarez.mx\/historico\/wp-content\/uploads\/2022\/09\/POR-CIERTO-EN-LA-TOMA-DE-POSESIO\u0301N.-Diario-Plaza-Jua\u0301rez--165x109.jpg 165w, https:\/\/plazajuarez.mx\/historico\/wp-content\/uploads\/2022\/09\/POR-CIERTO-EN-LA-TOMA-DE-POSESIO\u0301N.-Diario-Plaza-Jua\u0301rez--112x75.jpg 112w, https:\/\/plazajuarez.mx\/historico\/wp-content\/uploads\/2022\/09\/POR-CIERTO-EN-LA-TOMA-DE-POSESIO\u0301N.-Diario-Plaza-Jua\u0301rez--179x120.jpg 179w, https:\/\/plazajuarez.mx\/historico\/wp-content\/uploads\/2022\/09\/POR-CIERTO-EN-LA-TOMA-DE-POSESIO\u0301N.-Diario-Plaza-Jua\u0301rez--170x113.jpg 170w, https:\/\/plazajuarez.mx\/historico\/wp-content\/uploads\/2022\/09\/POR-CIERTO-EN-LA-TOMA-DE-POSESIO\u0301N.-Diario-Plaza-Jua\u0301rez--81x55.jpg 81w, https:\/\/plazajuarez.mx\/historico\/wp-content\/uploads\/2022\/09\/POR-CIERTO-EN-LA-TOMA-DE-POSESIO\u0301N.-Diario-Plaza-Jua\u0301rez--765x510.jpg 765w\" sizes=\"auto, (max-width: 1280px) 100vw, 1280px\" \/><\/figure>\n\n\n\n<p><strong>QU\u00c9 CANTE, QU\u00c9 CANTE, EL ARTISTA DE RANCHO<\/strong>. \u2013 Todos extra\u00f1an al ex cantante, hoy cantante, ma\u00f1ana ex cantante, <strong>Francisco Xavier<\/strong>, en el Congreso del estado. Y nada m\u00e1s por eso, para que vean c\u00f3mo los quiere, anuncia que va de nuevo por su curul y a ense\u00f1arles a hacer pol\u00edtica (ya ven que es todo un maestro en esas artes). Algunos malandrines juran y perjuran que es porque ya se acab\u00f3 el bonito bono que recibi\u00f3 en su m\u00e1s reciente actuaci\u00f3n en el melodrama, \u201cPor qu\u00e9 me quit\u00e9 el vicio de andar de candidato\u201d. As\u00ed que afinen o\u00eddos para ir a escuchar sus magistrales intervenciones como maestro de maestros de la pol\u00edtica legislativa.<\/p>\n\n\n\n<figure class=\"wp-block-image size-full\"><img loading=\"lazy\" decoding=\"async\" width=\"800\" height=\"682\" src=\"https:\/\/plazajuarez.mx\/historico\/historico\/wp-content\/uploads\/2022\/09\/QUE\u0301-CANTE-QUE\u0301-CANTE-EL-ARTISTA-DE-RANCHO.-Cortesi\u0301a-.jpeg\" alt=\"\" class=\"wp-image-228838\" srcset=\"https:\/\/plazajuarez.mx\/historico\/wp-content\/uploads\/2022\/09\/QUE\u0301-CANTE-QUE\u0301-CANTE-EL-ARTISTA-DE-RANCHO.-Cortesi\u0301a-.jpeg 800w, https:\/\/plazajuarez.mx\/historico\/wp-content\/uploads\/2022\/09\/QUE\u0301-CANTE-QUE\u0301-CANTE-EL-ARTISTA-DE-RANCHO.-Cortesi\u0301a--768x655.jpeg 768w\" sizes=\"auto, (max-width: 800px) 100vw, 800px\" \/><\/figure>\n\n\n\n<p><strong>Aviso para que no digan: Esta columna se nutre de comentarios recabados por agencias del Recontra-Espionaje, muy similares a las que populariz\u00f3 el \u201cS\u00faper Agente 86\u201d en sus tiempos. Como tal lo que publicamos puede que sea cierto, puede que no, o todo lo contrario. Est\u00e1 usted en libertad de creer o no lo que lee, recontra-enojarse, recontra- carcajearse y hasta recontra-recordarnos a nuestra jefecita (nosotros recontra-haremos lo propio). Avisado est\u00e1 usted.&nbsp;<\/strong><\/p>\n\n\n\n<p><strong>desexenterado@gmail.com @desexenterado&nbsp;<\/strong><\/p>\n","protected":false},"excerpt":{"rendered":"<p>AVISO A TIEMPO. \u2013 Muy estimados se\u00f1ores que dirigen un partido pol\u00edtico como Morena en Hidalgo. La ciudadan\u00eda eligi\u00f3 como su gobernador a Julio Menchaca Salazar, no a ustedes. S\u00ed, es cierto, son los que dirigen el movimiento que llev\u00f3 al Cuarto Piso de Palacio de Gobierno al hoy primer mandatario de la entidad, pero [&hellip;]<\/p>\n","protected":false},"author":93,"featured_media":208507,"comment_status":"closed","ping_status":"closed","sticky":false,"template":"","format":"standard","meta":{"footnotes":""},"categories":[83],"tags":[],"class_list":["post-228834","post","type-post","status-publish","format-standard","has-post-thumbnail","hentry","category-dese-por-enterado"],"_links":{"self":[{"href":"https:\/\/plazajuarez.mx\/historico\/wp-json\/wp\/v2\/posts\/228834","targetHints":{"allow":["GET"]}}],"collection":[{"href":"https:\/\/plazajuarez.mx\/historico\/wp-json\/wp\/v2\/posts"}],"about":[{"href":"https:\/\/plazajuarez.mx\/historico\/wp-json\/wp\/v2\/types\/post"}],"author":[{"embeddable":true,"href":"https:\/\/plazajuarez.mx\/historico\/wp-json\/wp\/v2\/users\/93"}],"replies":[{"embeddable":true,"href":"https:\/\/plazajuarez.mx\/historico\/wp-json\/wp\/v2\/comments?post=228834"}],"version-history":[{"count":0,"href":"https:\/\/plazajuarez.mx\/historico\/wp-json\/wp\/v2\/posts\/228834\/revisions"}],"wp:featuredmedia":[{"embeddable":true,"href":"https:\/\/plazajuarez.mx\/historico\/wp-json\/wp\/v2\/media\/208507"}],"wp:attachment":[{"href":"https:\/\/plazajuarez.mx\/historico\/wp-json\/wp\/v2\/media?parent=228834"}],"wp:term":[{"taxonomy":"category","embeddable":true,"href":"https:\/\/plazajuarez.mx\/historico\/wp-json\/wp\/v2\/categories?post=228834"},{"taxonomy":"post_tag","embeddable":true,"href":"https:\/\/plazajuarez.mx\/historico\/wp-json\/wp\/v2\/tags?post=228834"}],"curies":[{"name":"wp","href":"https:\/\/api.w.org\/{rel}","templated":true}]}}