{"id":228831,"date":"2022-09-06T17:13:23","date_gmt":"2022-09-06T22:13:23","guid":{"rendered":"https:\/\/plazajuarez.mx\/?p=228831"},"modified":"2022-09-06T17:13:32","modified_gmt":"2022-09-06T22:13:32","slug":"eu_relacion","status":"publish","type":"post","link":"https:\/\/plazajuarez.mx\/historico\/eu_relacion\/","title":{"rendered":"Relaci\u00f3n M\u00e9xico-EU con algunas &#8220;inquietudes&#8221;, dice embajador Salazar"},"content":{"rendered":"\n<p> Aunque hoy la relaci\u00f3n entre M\u00e9xico y Estados Unidos avanza por &#8220;buen camino&#8221;, hay inquietudes y trabajo por hacer en materia de seguridad, dijo el embajador de Estados Unidos en M\u00e9xico, Ken Salazar.<\/p>\n\n\n\n<p>El diplom\u00e1tico afirm\u00f3 que el tema de la inseguridad es un problema en el que deben de trabajar conjuntamente los dos pa\u00edses, incluyendo los tres niveles de gobierno federal, estatal y municipal, as\u00ed como el sector privado.<\/p>\n\n\n\n<p>Durante la Convenci\u00f3n Binacional de la American Society Mexico, el embajador afirm\u00f3 que en noviembre pr\u00f3ximo en Washington D.C. tendr\u00e1n una reuni\u00f3n trilateral para hablar del tema de la inseguridad.<\/p>\n\n\n\n<p>Si bien dijo que la relaci\u00f3n entre M\u00e9xico y Estados Unidos es fuerte, consider\u00f3 qu\u00e9 hay algunas &#8220;inquietudes, pero vamos por buen camino&#8221;.<\/p>\n\n\n\n<p>Agreg\u00f3 que el pr\u00f3ximo lunes tendr\u00e1n un encuentro como parte del Di\u00e1logo Econ\u00f3mico de Alto Nivel en el que participar\u00e1n funcionarios de ambos pa\u00edses.<\/p>\n\n\n\n<p>Todo con el fin de &#8220;ver de qu\u00e9 manera vamos a trabajar para que haya m\u00e1s seguridad, para que el pueblo de M\u00e9xico y el de Estados Unidos puedan vivir sin miedo y puedan vivir con m\u00e1s seguridad&#8221;.<\/p>\n\n\n\n<p>Salazar afirm\u00f3 que la relaci\u00f3n entre ambas econom\u00edas es fuerte, por lo que deben trabajar juntas para construir en la regi\u00f3n no hacia otros pa\u00edses asi\u00e1ticos.<\/p>\n\n\n\n<p>&#8220;Sabemos que el futuro de nuestras naciones est\u00e1 ac\u00e1, no est\u00e1 con China que tiene una diferente vista de las libertades, la democracia, de la funci\u00f3n del Gobierno, del papel tan important\u00edsimo de las mujeres, de los derechos civiles&#8221;, a\u00f1adi\u00f3.<\/p>\n\n\n\n<p>Por lo que propuso &#8220;que el futuro de la democracia y la unidad est\u00e1 aqu\u00ed en este continente&#8221;.<\/p>\n\n\n\n<p>En materia comercial explic\u00f3 que se tiene por fortuna un &#8220;marco legal, durable y que se tiene que cuidar y eso es el T-MEC, entonces cado uno tenemos que apoyar ese marco, es nuevo, hay cosas que estamos aprendiendo como los cap\u00edtulos laborales y otros&#8221;.<\/p>\n\n\n\n<p>Salazar coment\u00f3 que tambi\u00e9n planean otra reuni\u00f3n en noviembre con los l\u00edderes de Canad\u00e1, Estados Unidos y M\u00e9xico, en donde trabajar\u00e1n en torno a temas de inter\u00e9s com\u00fan.<\/p>\n\n\n\n<p>Agreg\u00f3: &#8220;Hay mucho que nos alinea, a veces nos ponemos a ver los problemas y ah\u00ed nos enfocamos, pero hay mucho que nos alinea&#8221;.<\/p>\n","protected":false},"excerpt":{"rendered":"<p>Aunque hoy la relaci\u00f3n entre M\u00e9xico y Estados Unidos avanza por &#8220;buen camino&#8221;, hay inquietudes y trabajo por hacer en materia de seguridad, dijo el embajador de Estados Unidos en M\u00e9xico, Ken Salazar. El diplom\u00e1tico afirm\u00f3 que el tema de la inseguridad es un problema en el que deben de trabajar conjuntamente los dos pa\u00edses, [&hellip;]<\/p>\n","protected":false},"author":81,"featured_media":209353,"comment_status":"closed","ping_status":"closed","sticky":false,"template":"","format":"standard","meta":{"footnotes":""},"categories":[36],"tags":[],"class_list":["post-228831","post","type-post","status-publish","format-standard","has-post-thumbnail","hentry","category-nacion"],"_links":{"self":[{"href":"https:\/\/plazajuarez.mx\/historico\/wp-json\/wp\/v2\/posts\/228831","targetHints":{"allow":["GET"]}}],"collection":[{"href":"https:\/\/plazajuarez.mx\/historico\/wp-json\/wp\/v2\/posts"}],"about":[{"href":"https:\/\/plazajuarez.mx\/historico\/wp-json\/wp\/v2\/types\/post"}],"author":[{"embeddable":true,"href":"https:\/\/plazajuarez.mx\/historico\/wp-json\/wp\/v2\/users\/81"}],"replies":[{"embeddable":true,"href":"https:\/\/plazajuarez.mx\/historico\/wp-json\/wp\/v2\/comments?post=228831"}],"version-history":[{"count":0,"href":"https:\/\/plazajuarez.mx\/historico\/wp-json\/wp\/v2\/posts\/228831\/revisions"}],"wp:featuredmedia":[{"embeddable":true,"href":"https:\/\/plazajuarez.mx\/historico\/wp-json\/wp\/v2\/media\/209353"}],"wp:attachment":[{"href":"https:\/\/plazajuarez.mx\/historico\/wp-json\/wp\/v2\/media?parent=228831"}],"wp:term":[{"taxonomy":"category","embeddable":true,"href":"https:\/\/plazajuarez.mx\/historico\/wp-json\/wp\/v2\/categories?post=228831"},{"taxonomy":"post_tag","embeddable":true,"href":"https:\/\/plazajuarez.mx\/historico\/wp-json\/wp\/v2\/tags?post=228831"}],"curies":[{"name":"wp","href":"https:\/\/api.w.org\/{rel}","templated":true}]}}