{"id":228822,"date":"2022-09-06T12:59:07","date_gmt":"2022-09-06T17:59:07","guid":{"rendered":"https:\/\/plazajuarez.mx\/?p=228822"},"modified":"2022-09-06T13:00:41","modified_gmt":"2022-09-06T18:00:41","slug":"julio_menchaca-17","status":"publish","type":"post","link":"https:\/\/plazajuarez.mx\/historico\/julio_menchaca-17\/","title":{"rendered":"En este gobierno se trata de sumar: Julio Menchaca"},"content":{"rendered":"\n<p>El gobernador constitucional asegur\u00f3 que se reunir\u00e1 con los 84 alcaldes<\/p>\n\n\n\n<p>En su primer conferencia como gobernador electo, Julio Menchaca Salazar, inform\u00f3 que en breve se reunir\u00e1 con los 84 presidentes municipales a fin e trabajar de manera conjunta en ellos diversos temas que aquejan a la ciudadan\u00eda hidalguense.<\/p>\n\n\n\n<p>De igual forma anunci\u00f3 que en breve comenzar\u00e1 la visita a las comunidades para cumplir con la promesa que hizo durante campa\u00f1a. Destac\u00f3 que ante la imposibilidad que se ten\u00eda de mantener el orden y control en los eventos masivos que se desbordan y podr\u00edan generar contagios de Covid19.<\/p>\n\n\n\n<p>Por otra parte se\u00f1al\u00f3 que se trabaja en el proceso de Entrega Recepci\u00f3n apunt\u00f3 que avanza el tema que recibieron los libros blancos y que en gran parte de las auditor\u00edas no hay gran n\u00famero de observaciones. Por lo que enfatiz\u00f3 que se continuar\u00e1 con la revisi\u00f3n de lo que hicieron los responsables de cada una \u00e1rea, y reiter\u00f3: &#8220;si se va entrar a fondo no es por un tema de persecuci\u00f3n sino de claridad y respondabilidad de quienes tuvieron en sus manos los recursos humanos materiales y econ\u00f3micos que no les pertenecencen.<\/p>\n\n\n\n<p>Tambi\u00e9n apunt\u00f3 que conoce que en los municipios hay presidentes municipales que no act\u00faan mal directamente sino que a trav\u00e9s de algunas \u00e1reas o algunos perfiles operan algunas situaciones fuera del marco de la ley y en detrimento de la poblaci\u00f3n.<\/p>\n\n\n\n<p>Por otro lado inform\u00f3 que Santiago Nieto Castillo no va poder ser procurador pero que est\u00e1 colaborando en el proceso de transici\u00f3n de la Procuradur\u00eda General de Justicia del Estado de Hidalgo (PGJH) a la Fiscal\u00eda y que adem\u00e1s se revisa todo el rezago que se tiene en la dependencia ya que el abatimiento del rezago se traduc\u00eda en expedientes que hab\u00edan preescrito y eran desechados sin que las personas agraviadas tuvieran justicia.<\/p>\n\n\n\n<p>El gobernador explic\u00f3 que ya tuvo contacto con Nieto Castillo y asegur\u00f3 que podr\u00e1 afrontar el proceso sancionatorio que versa en su contra en la Funci\u00f3n P\u00fablica.<\/p>\n","protected":false},"excerpt":{"rendered":"<p>El gobernador constitucional asegur\u00f3 que se reunir\u00e1 con los 84 alcaldes En su primer conferencia como gobernador electo, Julio Menchaca Salazar, inform\u00f3 que en breve se reunir\u00e1 con los 84 presidentes municipales a fin e trabajar de manera conjunta en ellos diversos temas que aquejan a la ciudadan\u00eda hidalguense. De igual forma anunci\u00f3 que en [&hellip;]<\/p>\n","protected":false},"author":72,"featured_media":228823,"comment_status":"closed","ping_status":"closed","sticky":false,"template":"","format":"standard","meta":{"footnotes":""},"categories":[15,2159],"tags":[],"class_list":["post-228822","post","type-post","status-publish","format-standard","has-post-thumbnail","hentry","category-destacadas","category-noticias-de-hidalgo"],"_links":{"self":[{"href":"https:\/\/plazajuarez.mx\/historico\/wp-json\/wp\/v2\/posts\/228822","targetHints":{"allow":["GET"]}}],"collection":[{"href":"https:\/\/plazajuarez.mx\/historico\/wp-json\/wp\/v2\/posts"}],"about":[{"href":"https:\/\/plazajuarez.mx\/historico\/wp-json\/wp\/v2\/types\/post"}],"author":[{"embeddable":true,"href":"https:\/\/plazajuarez.mx\/historico\/wp-json\/wp\/v2\/users\/72"}],"replies":[{"embeddable":true,"href":"https:\/\/plazajuarez.mx\/historico\/wp-json\/wp\/v2\/comments?post=228822"}],"version-history":[{"count":0,"href":"https:\/\/plazajuarez.mx\/historico\/wp-json\/wp\/v2\/posts\/228822\/revisions"}],"wp:featuredmedia":[{"embeddable":true,"href":"https:\/\/plazajuarez.mx\/historico\/wp-json\/wp\/v2\/media\/228823"}],"wp:attachment":[{"href":"https:\/\/plazajuarez.mx\/historico\/wp-json\/wp\/v2\/media?parent=228822"}],"wp:term":[{"taxonomy":"category","embeddable":true,"href":"https:\/\/plazajuarez.mx\/historico\/wp-json\/wp\/v2\/categories?post=228822"},{"taxonomy":"post_tag","embeddable":true,"href":"https:\/\/plazajuarez.mx\/historico\/wp-json\/wp\/v2\/tags?post=228822"}],"curies":[{"name":"wp","href":"https:\/\/api.w.org\/{rel}","templated":true}]}}