{"id":228818,"date":"2022-09-06T12:45:51","date_gmt":"2022-09-06T17:45:51","guid":{"rendered":"https:\/\/plazajuarez.mx\/?p=228818"},"modified":"2022-09-06T12:45:56","modified_gmt":"2022-09-06T17:45:56","slug":"paquete_2023","status":"publish","type":"post","link":"https:\/\/plazajuarez.mx\/historico\/paquete_2023\/","title":{"rendered":"No habr\u00e1 aumento de impuestos en Paquete Econ\u00f3mico 2023: AMLO"},"content":{"rendered":"\n<p> Al manifestar que no habr\u00e1 sorpresas, el presidente Andr\u00e9s Manuel L\u00f3pez Obrador adelant\u00f3 que en el Paquete Econ\u00f3mico 2023, que se entregara el pr\u00f3ximo jueves, no habr\u00e1 aumento de impuestos, ni alzas en las tarifas de energ\u00eda el\u00e9ctrica, gasolinas ni en el gas, adem\u00e1s de que descart\u00f3 que haya despidos o recortes en salarios dentro del gobierno federal.<\/p>\n\n\n\n<p>En conferencia de prensa matutina, el jefe del Ejecutivo federal garantiz\u00f3 los recursos para la entrega de los Programas de Bienestar y las obras prioritarias.<\/p>\n\n\n\n<p>&#8220;No hay aumentos de impuestos, no aumentan las tarifas de energ\u00eda el\u00e9ctrica, no aumenta la gasolina, no aumenta el di\u00e9sel, no aumenta el gas. Vamos a poder financiar todos los programas prioritarios, tanto los orientados, destinado al bienestar de la gente&#8221;.<\/p>\n\n\n\n<p>&#8220;Vamos hacer algunos ajustes para seguir liberando fondos al desarrollo, pero no a salarios, no hay despidos&#8221;, dijo.<\/p>\n\n\n\n<p>&#8220;Seguir\u00e1 austeridad en el gobierno federal&#8221;<\/p>\n\n\n\n<p>En Palacio Nacional, el presidente L\u00f3pez Obrador asegur\u00f3 que seguir\u00e1 la pol\u00edtica de austeridad y ejemplo de esto es que en la Oficina de Presidencia ha habido ahorros por m\u00e1s de 3 mil millones de pesos.<\/p>\n\n\n\n<p>&#8220;Ten\u00eda un presupuesto de 3 mil 600 millones, este a\u00f1os son 600, 3 mil millones menos, ya no va a aumentar y vamos a seguir con la austeridad, ahorrando, ahorrando, ahorrando para poder financiar el desarrollo, sin deuda, sin endeudamiento&#8221;, afirm\u00f3.<\/p>\n","protected":false},"excerpt":{"rendered":"<p>Al manifestar que no habr\u00e1 sorpresas, el presidente Andr\u00e9s Manuel L\u00f3pez Obrador adelant\u00f3 que en el Paquete Econ\u00f3mico 2023, que se entregara el pr\u00f3ximo jueves, no habr\u00e1 aumento de impuestos, ni alzas en las tarifas de energ\u00eda el\u00e9ctrica, gasolinas ni en el gas, adem\u00e1s de que descart\u00f3 que haya despidos o recortes en salarios dentro [&hellip;]<\/p>\n","protected":false},"author":81,"featured_media":228819,"comment_status":"closed","ping_status":"closed","sticky":false,"template":"","format":"standard","meta":{"footnotes":""},"categories":[36],"tags":[],"class_list":["post-228818","post","type-post","status-publish","format-standard","has-post-thumbnail","hentry","category-nacion"],"_links":{"self":[{"href":"https:\/\/plazajuarez.mx\/historico\/wp-json\/wp\/v2\/posts\/228818","targetHints":{"allow":["GET"]}}],"collection":[{"href":"https:\/\/plazajuarez.mx\/historico\/wp-json\/wp\/v2\/posts"}],"about":[{"href":"https:\/\/plazajuarez.mx\/historico\/wp-json\/wp\/v2\/types\/post"}],"author":[{"embeddable":true,"href":"https:\/\/plazajuarez.mx\/historico\/wp-json\/wp\/v2\/users\/81"}],"replies":[{"embeddable":true,"href":"https:\/\/plazajuarez.mx\/historico\/wp-json\/wp\/v2\/comments?post=228818"}],"version-history":[{"count":0,"href":"https:\/\/plazajuarez.mx\/historico\/wp-json\/wp\/v2\/posts\/228818\/revisions"}],"wp:featuredmedia":[{"embeddable":true,"href":"https:\/\/plazajuarez.mx\/historico\/wp-json\/wp\/v2\/media\/228819"}],"wp:attachment":[{"href":"https:\/\/plazajuarez.mx\/historico\/wp-json\/wp\/v2\/media?parent=228818"}],"wp:term":[{"taxonomy":"category","embeddable":true,"href":"https:\/\/plazajuarez.mx\/historico\/wp-json\/wp\/v2\/categories?post=228818"},{"taxonomy":"post_tag","embeddable":true,"href":"https:\/\/plazajuarez.mx\/historico\/wp-json\/wp\/v2\/tags?post=228818"}],"curies":[{"name":"wp","href":"https:\/\/api.w.org\/{rel}","templated":true}]}}