{"id":228815,"date":"2022-09-06T12:40:09","date_gmt":"2022-09-06T17:40:09","guid":{"rendered":"https:\/\/plazajuarez.mx\/?p=228815"},"modified":"2022-09-06T12:40:15","modified_gmt":"2022-09-06T17:40:15","slug":"rae_ch","status":"publish","type":"post","link":"https:\/\/plazajuarez.mx\/historico\/rae_ch\/","title":{"rendered":"La RAE dice adi\u00f3s a la &#8220;ch&#8221; y la &#8220;ll&#8221; en el abecedario"},"content":{"rendered":"\n<p> La Real Academia Espa\u00f1ola (RAE) ha decidido eliminar definitivamente a la &#8220;ch&#8221; y a la &#8220;ll&#8221; del abecedario, su argumento es que en realidad no se trata de letras sino de d\u00edgrafos, es decir, que son &#8220;conjuntos de dos letras o grafemas que representan un solo fonema&#8221; con lo cual &#8220;el abecedario del espa\u00f1ol queda as\u00ed reducido a las veintisiete letras siguientes: a, b, c, d, e, f, g, h, i, j, k, l, m, n, \u00f1, o, p, q, r, s, t, u, v, w, x, y, z&#8221;, tal como lo inform\u00f3 a trav\u00e9s de su p\u00e1gina web oficial, en su secci\u00f3n de noticias &#8220;Espa\u00f1ol al d\u00eda&#8221;, y lo public\u00f3 hoy martes en su cuenta de Twitter.<\/p>\n\n\n\n<p>En su nota &#8220;Exclusi\u00f3n de \u00abch\u00bb y \u00abll\u00bb del abecedario&#8221;, la RAE informa que se excluyen definitivamente del abecedario los signos ch y ll, ya que, en realidad, no son letras, sino d\u00edgrafos, esto es, conjuntos de dos letras o grafemas que representan un solo fonema. El abecedario del espa\u00f1ol queda as\u00ed reducido a las veintisiete letras siguientes: a, b, c, d, e, f, g, h, i, j, k, l, m, n, \u00f1, o, p, q, r, s, t, u, v, w, x, y, z.&#8221;<\/p>\n\n\n\n<p>Afirma que el espa\u00f1ol se asimila con estos cambios al resto de las lenguas de escritura alfab\u00e9tica, en las que s\u00f3lo se consideran letras del abecedario los signos simples, aunque reconoce que en todas ellas existen combinaciones de grafemas para representar algunos de sus fonemas.<\/p>\n\n\n\n<p>&#8220;La eliminaci\u00f3n de los d\u00edgrafos ch y ll del inventario de letras del abecedario no supone, en modo alguno, que desaparezcan del sistema gr\u00e1fico del espa\u00f1ol. Estos signos dobles seguir\u00e1n utiliz\u00e1ndose como hasta ahora en la escritura de las palabras espa\u00f1olas: el d\u00edgrafo ch en representaci\u00f3n del fonema \/ch\/ (chico [ch\u00edko]) y el d\u00edgrafo ll en representaci\u00f3n del fonema \/ll\/ o, para hablantes ye\u00edstas, del fonema \/y\/ (calle [k\u00e1lle, k\u00e1ye]). La novedad consiste, simplemente, en que dejan de contarse entre las letras del abecedario&#8221;, informa la RAE.<\/p>\n\n\n\n<p>La instituci\u00f3n cultural dedicada a la regularizaci\u00f3n ling\u00fc\u00edstica entre el mundo hispanohablante, asegura en su nota que al tratarse de combinaciones de dos letras, las palabras que comienzan por estos d\u00edgrafos o que los contienen &#8220;no se alfabetizan aparte, sino en los lugares que les corresponden dentro de la c y de la l, respectivamente&#8221;.<\/p>\n\n\n\n<p>Y recuerda que la decisi\u00f3n de adoptar el orden alfab\u00e9tico latino universal se tom\u00f3 en el X Congreso de la Asociaci\u00f3n de Academias de la Lengua Espa\u00f1ola, celebrado en 1994, y viene aplic\u00e1ndose desde entonces en todas las obras acad\u00e9micas.<\/p>\n","protected":false},"excerpt":{"rendered":"<p>La Real Academia Espa\u00f1ola (RAE) ha decidido eliminar definitivamente a la &#8220;ch&#8221; y a la &#8220;ll&#8221; del abecedario, su argumento es que en realidad no se trata de letras sino de d\u00edgrafos, es decir, que son &#8220;conjuntos de dos letras o grafemas que representan un solo fonema&#8221; con lo cual &#8220;el abecedario del espa\u00f1ol queda [&hellip;]<\/p>\n","protected":false},"author":81,"featured_media":228816,"comment_status":"closed","ping_status":"closed","sticky":false,"template":"","format":"standard","meta":{"footnotes":""},"categories":[41,15],"tags":[],"class_list":["post-228815","post","type-post","status-publish","format-standard","has-post-thumbnail","hentry","category-arteria-cultural","category-destacadas"],"_links":{"self":[{"href":"https:\/\/plazajuarez.mx\/historico\/wp-json\/wp\/v2\/posts\/228815","targetHints":{"allow":["GET"]}}],"collection":[{"href":"https:\/\/plazajuarez.mx\/historico\/wp-json\/wp\/v2\/posts"}],"about":[{"href":"https:\/\/plazajuarez.mx\/historico\/wp-json\/wp\/v2\/types\/post"}],"author":[{"embeddable":true,"href":"https:\/\/plazajuarez.mx\/historico\/wp-json\/wp\/v2\/users\/81"}],"replies":[{"embeddable":true,"href":"https:\/\/plazajuarez.mx\/historico\/wp-json\/wp\/v2\/comments?post=228815"}],"version-history":[{"count":0,"href":"https:\/\/plazajuarez.mx\/historico\/wp-json\/wp\/v2\/posts\/228815\/revisions"}],"wp:featuredmedia":[{"embeddable":true,"href":"https:\/\/plazajuarez.mx\/historico\/wp-json\/wp\/v2\/media\/228816"}],"wp:attachment":[{"href":"https:\/\/plazajuarez.mx\/historico\/wp-json\/wp\/v2\/media?parent=228815"}],"wp:term":[{"taxonomy":"category","embeddable":true,"href":"https:\/\/plazajuarez.mx\/historico\/wp-json\/wp\/v2\/categories?post=228815"},{"taxonomy":"post_tag","embeddable":true,"href":"https:\/\/plazajuarez.mx\/historico\/wp-json\/wp\/v2\/tags?post=228815"}],"curies":[{"name":"wp","href":"https:\/\/api.w.org\/{rel}","templated":true}]}}