{"id":228576,"date":"2022-09-04T12:23:56","date_gmt":"2022-09-04T17:23:56","guid":{"rendered":"https:\/\/plazajuarez.mx\/?p=228576"},"modified":"2022-09-04T12:24:01","modified_gmt":"2022-09-04T17:24:01","slug":"tren_maya-7","status":"publish","type":"post","link":"https:\/\/plazajuarez.mx\/historico\/tren_maya-7\/","title":{"rendered":"Ambientalistas denuncian da\u00f1os a cenote por obras del Tren Maya"},"content":{"rendered":"\n<p>Una usuaria de redes sociales, identificada como CrisNo, denunci\u00f3 da\u00f1os provocados por los trabajos del tramo 5 Sur del Tren Maya en un cenote ubicado en Playa del Carmen, Quintana Roo.<\/p>\n\n\n\n<p>A trav\u00e9s de varios videos en su cuenta de Twitter, la joven recorri\u00f3 el cenote Guardianes que se encuentra por donde pasar\u00e1 dicho tramo de la obra en su l\u00edmite con el tramo 5 Norte.<\/p>\n\n\n\n<p>&#8220;C\u00f3mo va a pasar un tren a 160 kil\u00f3metros por hora sin colapsar este suelo&#8221;<\/p>\n\n\n\n<p>En las im\u00e1genes narra c\u00f3mo se escucha y se siente cuando pasa la maquinaria que realiza los trabajos.<\/p>\n\n\n\n<p>&#8220;Se escucha pasando la m\u00e1quina por encima de nosotros\u2026 Ese es el techo, esa es la m\u00e1quina que va pasando por encima. Nos tuvimos que salir de ah\u00ed porque se escucha como el suelo se puede colapsar.<\/p>\n\n\n\n<p>&#8220;No sabemos c\u00f3mo va a pasar un tren a 160 kil\u00f3metros por hora sin colapsar este suelo&#8221;, se cuestiona.<\/p>\n\n\n\n<p>En otra de las grabaciones describe que las cuevas y cenotes que se encuentran debajo de la obra se est\u00e1n secando debido a la deforestaci\u00f3n; adem\u00e1s, se\u00f1ala que el nivel de agua tambi\u00e9n est\u00e1 bajando por la evaporaci\u00f3n.<\/p>\n\n\n\n<p>&#8220;Se est\u00e1n secando las cuevas y los cenotes que est\u00e1n justo debajo del tramo 5 Sur del Tren Maya\u2026 formaciones que a la tierra le ha tomado millones de a\u00f1os hacer&#8221;.<\/p>\n\n\n\n<p>CrisNo tambi\u00e9n comparti\u00f3 un video donde indica que los trabajadores de la obra usan las cavernas y cenotes como ba\u00f1o.<\/p>\n\n\n\n<p>Tras varios videos donde recorre y capta los da\u00f1os en los alrededores de las obras del Tren Maya, la joven hizo un llamado a la prudencia y a hacer las cosas bien por seguridad de todos. Adem\u00e1s pidi\u00f3 evitar una cat\u00e1strofe humana y ambiental.<\/p>\n\n\n\n<p>&#8220;Les invitamos a CAMINAR el Tramo 5 con nosotros (basta de sobrevolar c\u00f3modamente)&#8221;, escribi\u00f3.<\/p>\n\n\n\n<p>El viernes pasado, el presidente Andr\u00e9s Manuel L\u00f3pez Obrador supervis\u00f3 los avances de la construcci\u00f3n del Tren Maya en el sur y sureste del pa\u00eds.<\/p>\n\n\n\n<p>Tras su conferencia de prensa matutina, el Mandatario federal vol\u00f3 al estado de Chiapas, en donde revis\u00f3 los avances del Tramo 1 del proyecto ferroviario que comprende de Palenque, Chiapas a Esc\u00e1rcega, Campeche.<\/p>\n\n\n\n<p>En esta supervisi\u00f3n estuvo acompa\u00f1ado por el gobernador Rutilio Escand\u00f3n, quien afirm\u00f3 en su cuenta de Twitter que el Tren Maya ser\u00e1 un megaproyecto que proteger\u00e1 la ecolog\u00eda y detonar\u00e1 el desarrollo de esa entidad.<\/p>\n","protected":false},"excerpt":{"rendered":"<p>Una usuaria de redes sociales, identificada como CrisNo, denunci\u00f3 da\u00f1os provocados por los trabajos del tramo 5 Sur del Tren Maya en un cenote ubicado en Playa del Carmen, Quintana Roo. A trav\u00e9s de varios videos en su cuenta de Twitter, la joven recorri\u00f3 el cenote Guardianes que se encuentra por donde pasar\u00e1 dicho tramo [&hellip;]<\/p>\n","protected":false},"author":81,"featured_media":228577,"comment_status":"closed","ping_status":"closed","sticky":false,"template":"","format":"standard","meta":{"footnotes":""},"categories":[15],"tags":[],"class_list":["post-228576","post","type-post","status-publish","format-standard","has-post-thumbnail","hentry","category-destacadas"],"_links":{"self":[{"href":"https:\/\/plazajuarez.mx\/historico\/wp-json\/wp\/v2\/posts\/228576","targetHints":{"allow":["GET"]}}],"collection":[{"href":"https:\/\/plazajuarez.mx\/historico\/wp-json\/wp\/v2\/posts"}],"about":[{"href":"https:\/\/plazajuarez.mx\/historico\/wp-json\/wp\/v2\/types\/post"}],"author":[{"embeddable":true,"href":"https:\/\/plazajuarez.mx\/historico\/wp-json\/wp\/v2\/users\/81"}],"replies":[{"embeddable":true,"href":"https:\/\/plazajuarez.mx\/historico\/wp-json\/wp\/v2\/comments?post=228576"}],"version-history":[{"count":0,"href":"https:\/\/plazajuarez.mx\/historico\/wp-json\/wp\/v2\/posts\/228576\/revisions"}],"wp:featuredmedia":[{"embeddable":true,"href":"https:\/\/plazajuarez.mx\/historico\/wp-json\/wp\/v2\/media\/228577"}],"wp:attachment":[{"href":"https:\/\/plazajuarez.mx\/historico\/wp-json\/wp\/v2\/media?parent=228576"}],"wp:term":[{"taxonomy":"category","embeddable":true,"href":"https:\/\/plazajuarez.mx\/historico\/wp-json\/wp\/v2\/categories?post=228576"},{"taxonomy":"post_tag","embeddable":true,"href":"https:\/\/plazajuarez.mx\/historico\/wp-json\/wp\/v2\/tags?post=228576"}],"curies":[{"name":"wp","href":"https:\/\/api.w.org\/{rel}","templated":true}]}}