{"id":228560,"date":"2022-09-04T11:36:04","date_gmt":"2022-09-04T16:36:04","guid":{"rendered":"https:\/\/plazajuarez.mx\/?p=228560"},"modified":"2022-09-04T11:36:11","modified_gmt":"2022-09-04T16:36:11","slug":"javier_clima","status":"publish","type":"post","link":"https:\/\/plazajuarez.mx\/historico\/javier_clima\/","title":{"rendered":"Tormenta tropical &#8220;Javier&#8221; se debilita"},"content":{"rendered":"\n<p> La Tormenta Tropical &#8220;Javier&#8221; se debilit\u00f3 a cicl\u00f3n post-tropical y se ubic\u00f3 aproximadamente a 340 kil\u00f3metros (km) al oeste de Punta Eugenia, Baja California Sur.<\/p>\n\n\n\n<p>Adem\u00e1s, el Sistema Metereol\u00f3gico Nacional de la Conagua inform\u00f3 que para este domingo, se pronostican lluvias puntuales torrenciales en Guerrero y Michoac\u00e1n.<\/p>\n\n\n\n<p>Tambi\u00e9n lluvias intensas en Coahuila, Colima, Hidalgo, Jalisco, Nuevo Le\u00f3n, Oaxaca, Puebla y Veracruz; muy fuertes en Chiapas, Chihuahua, Durango, Nayarit, San Luis Potos\u00ed, Sinaloa y Tamaulipas; fuertes en Campeche, Estado de M\u00e9xico, Guanajuato, Morelos, Quer\u00e9taro, Tabasco, Tlaxcala y Zacatecas.<\/p>\n\n\n\n<p>Las lluvias pronosticadas para hoy, que ser\u00e1n con descargas el\u00e9ctricas, vientos fuertes y posible granizo, podr\u00edan incrementar el nivel de r\u00edos y arroyos, as\u00ed como provocar desbordamientos e inundaciones en zonas bajas, por lo que se exhorta a la poblaci\u00f3n a atender los avisos del Servicio Meteorol\u00f3gico Nacional (SMN) de la Comisi\u00f3n Nacional del Agua (Conagua) y seguir las indicaciones de las autoridades estatales, municipales y de Protecci\u00f3n Civil.<\/p>\n\n\n\n<p>Las lluvias y los vientos ser\u00e1n generados por la circulaci\u00f3n del cicl\u00f3n post-tropical Javier, que se prev\u00e9 contin\u00fae su debilitamiento, al mismo tiempo que se aleja de las costas de Baja California.<\/p>\n\n\n\n<p>Prev\u00e9n que se forme otro cicl\u00f3n tropical<\/p>\n\n\n\n<p>A las 07:00 horas, tiempo del centro de M\u00e9xico, la zona de baja presi\u00f3n en el Oc\u00e9ano Pac\u00edfico tiene 100 % de probabilidad para formar un cicl\u00f3n tropical en el pron\u00f3stico a 48 horas.<\/p>\n\n\n\n<p>Se localiz\u00f3 aproximadamente a 295 km al sur-suroeste de Acapulco, Guerrero, y se desplaza hacia el oeste-noroeste. Se mantiene en estrecha vigilancia.<\/p>\n","protected":false},"excerpt":{"rendered":"<p>La Tormenta Tropical &#8220;Javier&#8221; se debilit\u00f3 a cicl\u00f3n post-tropical y se ubic\u00f3 aproximadamente a 340 kil\u00f3metros (km) al oeste de Punta Eugenia, Baja California Sur. Adem\u00e1s, el Sistema Metereol\u00f3gico Nacional de la Conagua inform\u00f3 que para este domingo, se pronostican lluvias puntuales torrenciales en Guerrero y Michoac\u00e1n. Tambi\u00e9n lluvias intensas en Coahuila, Colima, Hidalgo, Jalisco, [&hellip;]<\/p>\n","protected":false},"author":81,"featured_media":228561,"comment_status":"closed","ping_status":"closed","sticky":false,"template":"","format":"standard","meta":{"footnotes":""},"categories":[36],"tags":[],"class_list":["post-228560","post","type-post","status-publish","format-standard","has-post-thumbnail","hentry","category-nacion"],"_links":{"self":[{"href":"https:\/\/plazajuarez.mx\/historico\/wp-json\/wp\/v2\/posts\/228560","targetHints":{"allow":["GET"]}}],"collection":[{"href":"https:\/\/plazajuarez.mx\/historico\/wp-json\/wp\/v2\/posts"}],"about":[{"href":"https:\/\/plazajuarez.mx\/historico\/wp-json\/wp\/v2\/types\/post"}],"author":[{"embeddable":true,"href":"https:\/\/plazajuarez.mx\/historico\/wp-json\/wp\/v2\/users\/81"}],"replies":[{"embeddable":true,"href":"https:\/\/plazajuarez.mx\/historico\/wp-json\/wp\/v2\/comments?post=228560"}],"version-history":[{"count":0,"href":"https:\/\/plazajuarez.mx\/historico\/wp-json\/wp\/v2\/posts\/228560\/revisions"}],"wp:featuredmedia":[{"embeddable":true,"href":"https:\/\/plazajuarez.mx\/historico\/wp-json\/wp\/v2\/media\/228561"}],"wp:attachment":[{"href":"https:\/\/plazajuarez.mx\/historico\/wp-json\/wp\/v2\/media?parent=228560"}],"wp:term":[{"taxonomy":"category","embeddable":true,"href":"https:\/\/plazajuarez.mx\/historico\/wp-json\/wp\/v2\/categories?post=228560"},{"taxonomy":"post_tag","embeddable":true,"href":"https:\/\/plazajuarez.mx\/historico\/wp-json\/wp\/v2\/tags?post=228560"}],"curies":[{"name":"wp","href":"https:\/\/api.w.org\/{rel}","templated":true}]}}