{"id":22856,"date":"2016-06-12T15:50:28","date_gmt":"2016-06-12T15:50:28","guid":{"rendered":"http:\/\/plazajuarez.mx\/index\/index.php\/2016\/06\/12\/francia-restituye-dibujo-de-degas-expoliado-por-los-nazis-en-1940\/"},"modified":"2016-06-12T15:50:28","modified_gmt":"2016-06-12T15:50:28","slug":"francia-restituye-dibujo-de-degas-expoliado-por-los-nazis-en-1940","status":"publish","type":"post","link":"https:\/\/plazajuarez.mx\/historico\/francia-restituye-dibujo-de-degas-expoliado-por-los-nazis-en-1940\/","title":{"rendered":"Francia restituye dibujo de Degas expoliado por los nazis en 1940"},"content":{"rendered":"<p>CARBONCILLO TITULADO TROIS DANSEUSES EN BUSTE\u00a0 <br \/>\u00b7\u00a0\u00a0\u00a0\u00a0\u00a0\u00a0\u00a0 Las autoridades devuelven la obra, requisada por las tropas alemanas en 1940, a los herederos de Marcel Dreyfus<\/p>\n<p>  <!--more-->  <\/p>\n<p>El Gobierno franc\u00e9s restituy\u00f3 un dibujo de Edgar Degas a los herederos del que fue su propietario hasta que en 1940 los nazis que ocupaban Francia se lo expropiaron dentro de la campa\u00f1a contra los jud\u00edos, Maurice Dreyfus.<br \/>La ministra de Cultura, Audrey Azoulay, fue la encargada de devolver este carboncillo titulado Trois danseuses en buste, conocido tambi\u00e9n como Trois danseuses \u00e0 mi-corps, explic\u00f3 en un comunicado su departamento, que destac\u00f3 que la determinaci\u00f3n del origen de la obra ha sido posible gracias al establecimiento de una colaboraci\u00f3n con los Genealogistas de Francia.<br \/>La obra fue requisada por los nazis el 28 de agosto de 1940 a Maurice Dreyfus, que en 1947 indic\u00f3 a las autoridades francesas que \u00e9sta en concreto no la hab\u00eda recuperado, al contrario de lo ocurrido con otros dos pasteles de Raeburn, que tambi\u00e9n le hab\u00edan sustra\u00eddo los ocupantes y que s\u00ed le fueron sido restituidos.<\/p>\n","protected":false},"excerpt":{"rendered":"<p>CARBONCILLO TITULADO TROIS DANSEUSES EN BUSTE\u00a0 \u00b7\u00a0\u00a0\u00a0\u00a0\u00a0\u00a0\u00a0 Las autoridades devuelven la obra, requisada por las tropas alemanas en 1940, a los herederos de Marcel Dreyfus<\/p>\n","protected":false},"author":93,"featured_media":0,"comment_status":"open","ping_status":"open","sticky":false,"template":"","format":"standard","meta":{"footnotes":""},"categories":[41],"tags":[],"class_list":["post-22856","post","type-post","status-publish","format-standard","hentry","category-arteria-cultural"],"_links":{"self":[{"href":"https:\/\/plazajuarez.mx\/historico\/wp-json\/wp\/v2\/posts\/22856","targetHints":{"allow":["GET"]}}],"collection":[{"href":"https:\/\/plazajuarez.mx\/historico\/wp-json\/wp\/v2\/posts"}],"about":[{"href":"https:\/\/plazajuarez.mx\/historico\/wp-json\/wp\/v2\/types\/post"}],"author":[{"embeddable":true,"href":"https:\/\/plazajuarez.mx\/historico\/wp-json\/wp\/v2\/users\/93"}],"replies":[{"embeddable":true,"href":"https:\/\/plazajuarez.mx\/historico\/wp-json\/wp\/v2\/comments?post=22856"}],"version-history":[{"count":0,"href":"https:\/\/plazajuarez.mx\/historico\/wp-json\/wp\/v2\/posts\/22856\/revisions"}],"wp:attachment":[{"href":"https:\/\/plazajuarez.mx\/historico\/wp-json\/wp\/v2\/media?parent=22856"}],"wp:term":[{"taxonomy":"category","embeddable":true,"href":"https:\/\/plazajuarez.mx\/historico\/wp-json\/wp\/v2\/categories?post=22856"},{"taxonomy":"post_tag","embeddable":true,"href":"https:\/\/plazajuarez.mx\/historico\/wp-json\/wp\/v2\/tags?post=22856"}],"curies":[{"name":"wp","href":"https:\/\/api.w.org\/{rel}","templated":true}]}}