{"id":228557,"date":"2022-09-04T11:13:06","date_gmt":"2022-09-04T16:13:06","guid":{"rendered":"https:\/\/plazajuarez.mx\/?p=228557"},"modified":"2022-09-04T11:13:12","modified_gmt":"2022-09-04T16:13:12","slug":"asumira-julio-valera-presidencia-de-la-junta-de-gobierno-del-congreso-estatal","status":"publish","type":"post","link":"https:\/\/plazajuarez.mx\/historico\/asumira-julio-valera-presidencia-de-la-junta-de-gobierno-del-congreso-estatal\/","title":{"rendered":"Asumir\u00e1 Julio Valera presidencia de la Junta de Gobierno del Congreso estatal"},"content":{"rendered":"\n<p>En cumplimiento con lo que estipula el art\u00edculo 98 de la Ley Org\u00e1nica del Poder Legislativo (LOPLEH), a partir del primer minuto del cuatro de septiembre el coordinador del GLPRI, Julio Valera Piedras, asumir\u00e1 la presidencia de la Junta de Gobierno del Congreso del estado.<\/p>\n\n\n\n<p>De acuerdo con, la LOPLEH, la conducci\u00f3n de los Trabajos Legislativos, se ejercer\u00e1 a trav\u00e9s de un \u00d3rgano Colegiado denominado Junta de Gobierno, que estar\u00e1 integrada por las y los Diputados Coordinadores de cada uno de los Grupos Legislativos representados en el Congreso del Estado, quien presida la Directiva en turno, y en su caso, por las y los Diputados de las Representaciones partidistas.<\/p>\n\n\n\n<p>En su mensaje, Valera Piedras resalt\u00f3 el momento hist\u00f3rico para la vida de Hidalgo y de M\u00e9xico, \u201cpor primera vez habr\u00e1 una transici\u00f3n pol\u00edtica y mi compromiso es que desde este recinto acompa\u00f1emos esta transici\u00f3n desde el&nbsp;di\u00e1logo respetuoso entre todas las fuerzas pol\u00edticas\u201d.<\/p>\n\n\n\n<p>Destac\u00f3 las trayectorias diferentes, pero \u201cbuscamos un mismo objetivo, que le vaya bien a Hidalgo y que le vaya bien a M\u00e9xico\u201d.<\/p>\n\n\n\n<p>El presidente entrante detall\u00f3 que \u201cseremos cr\u00edticos&nbsp;pero propositivos en lo que debamos de se\u00f1alar, pero&nbsp;tambi\u00e9n respaldaremos&nbsp;las pol\u00edticas, los programas y las decisiones que le convengan a nuestro estado y a nuestra gente\u201d.<\/p>\n\n\n\n<p>Precis\u00f3 que ser\u00e1 el&nbsp;respeto y el equilibrio entre poderes&nbsp;\u201cla l\u00ednea de comunicaci\u00f3n y&nbsp;nuestra bandera permanente\u201d.&nbsp;<\/p>\n\n\n\n<p>\u201cAl interior del poder legislativo,&nbsp;seremos garantes del trabajo en comisiones y en el pleno del congreso; reconoceremos y valoraremos en todo momento, la funci\u00f3n de&nbsp;todas y&nbsp;todos los trabajadores&nbsp;que hacen posible el desarrollo del trabajo legislativo, con total respeto a su organizaci\u00f3n sindical\u201d, explic\u00f3.<\/p>\n\n\n\n<p>Finalmente, Valera Piedras resalt\u00f3 el prop\u00f3sito&nbsp;para esta nueva etapa,&nbsp;\u201csiempre basado en la experiencia, el profesionalismo y compromiso de&nbsp;cada uno de ustedes,&nbsp;para defender y hacer valer los intereses leg\u00edtimos de nuestro estado\u201d, concluy\u00f3.&nbsp;<\/p>\n\n\n\n<p>La Junta de Gobierno se integra de la siguiente forma:<\/p>\n\n\n\n<p>Presidente: Julio Valera Piedras<\/p>\n\n\n\n<p>Secretario: Octavio Maga\u00f1a Soto<\/p>\n\n\n\n<p>Vocales: Miguel Mart\u00ednez, Jorge Hern\u00e1ndez Araus, Rodrigo Castillo Mart\u00ednez, Jes\u00fas Osiris Leines Med\u00e9cigo, No\u00e9 Hern\u00e1ndez Bravo.<\/p>\n","protected":false},"excerpt":{"rendered":"<p>En cumplimiento con lo que estipula el art\u00edculo 98 de la Ley Org\u00e1nica del Poder Legislativo (LOPLEH), a partir del primer minuto del cuatro de septiembre el coordinador del GLPRI, Julio Valera Piedras, asumir\u00e1 la presidencia de la Junta de Gobierno del Congreso del estado. De acuerdo con, la LOPLEH, la conducci\u00f3n de los Trabajos [&hellip;]<\/p>\n","protected":false},"author":93,"featured_media":228558,"comment_status":"closed","ping_status":"closed","sticky":false,"template":"","format":"standard","meta":{"footnotes":""},"categories":[15,59,2159],"tags":[],"class_list":["post-228557","post","type-post","status-publish","format-standard","has-post-thumbnail","hentry","category-destacadas","category-general","category-noticias-de-hidalgo"],"_links":{"self":[{"href":"https:\/\/plazajuarez.mx\/historico\/wp-json\/wp\/v2\/posts\/228557","targetHints":{"allow":["GET"]}}],"collection":[{"href":"https:\/\/plazajuarez.mx\/historico\/wp-json\/wp\/v2\/posts"}],"about":[{"href":"https:\/\/plazajuarez.mx\/historico\/wp-json\/wp\/v2\/types\/post"}],"author":[{"embeddable":true,"href":"https:\/\/plazajuarez.mx\/historico\/wp-json\/wp\/v2\/users\/93"}],"replies":[{"embeddable":true,"href":"https:\/\/plazajuarez.mx\/historico\/wp-json\/wp\/v2\/comments?post=228557"}],"version-history":[{"count":0,"href":"https:\/\/plazajuarez.mx\/historico\/wp-json\/wp\/v2\/posts\/228557\/revisions"}],"wp:featuredmedia":[{"embeddable":true,"href":"https:\/\/plazajuarez.mx\/historico\/wp-json\/wp\/v2\/media\/228558"}],"wp:attachment":[{"href":"https:\/\/plazajuarez.mx\/historico\/wp-json\/wp\/v2\/media?parent=228557"}],"wp:term":[{"taxonomy":"category","embeddable":true,"href":"https:\/\/plazajuarez.mx\/historico\/wp-json\/wp\/v2\/categories?post=228557"},{"taxonomy":"post_tag","embeddable":true,"href":"https:\/\/plazajuarez.mx\/historico\/wp-json\/wp\/v2\/tags?post=228557"}],"curies":[{"name":"wp","href":"https:\/\/api.w.org\/{rel}","templated":true}]}}