{"id":228551,"date":"2022-09-04T11:06:27","date_gmt":"2022-09-04T16:06:27","guid":{"rendered":"https:\/\/plazajuarez.mx\/?p=228551"},"modified":"2022-09-04T11:06:33","modified_gmt":"2022-09-04T16:06:33","slug":"soledad-pandemica","status":"publish","type":"post","link":"https:\/\/plazajuarez.mx\/historico\/soledad-pandemica\/","title":{"rendered":"Soledad pand\u00e9mica"},"content":{"rendered":"\n<h2 class=\"wp-block-heading\">CINE DE MA\u00d1ANA<\/h2>\n\n\n\n<p>Del ocho al 25 de septiembre, se celebrar\u00e1 en la Cineteca Nacional la S\u00e9ptima edici\u00f3n de Talento Emergente. Como se recordar\u00e1 en este festival, se re\u00fane las primeras obras de 14 nuevos directores que el d\u00eda de ma\u00f1ana ser\u00e1n los consagrados del s\u00e9ptimo arte.<\/p>\n\n\n\n<p>Toc\u00f3 el turno de inaugurar el ciclo a<em> Transici\u00f3n<\/em>, la ins\u00f3lita \u00f3pera prima de Alejandro Torres Kennedy, filmada durante la pandemia en Sud\u00e1frica.<\/p>\n\n\n\n<p>El guion del propio realizador tiene como int\u00e9rprete principal a la francesa Marie Boutonnet, quien se dispon\u00eda a viajar en yate en compa\u00f1\u00eda del mexicano Leonardo (Jorge Gonz\u00e1les).<\/p>\n\n\n\n<p>Sin embargo, las autoridades sudafricanas proh\u00edben la salida de los barcos y Leonardo viaja a M\u00e9xico para reunirse con su hermano enfermo.<\/p>\n\n\n\n<p>Marie se queda sola en la marina, pero en las noches comienza a o\u00edr ruidos y de pronto ocurren extra\u00f1os sucesos.<\/p>\n\n\n\n<p>Es entonces que nos enteramos que Marie tiene el poder de comunicarse con los muertos, que tienen mensajes para sus familiares, y que se negaba a aceptar ese don.<\/p>\n\n\n\n<p>As\u00ed pues, la transici\u00f3n del t\u00edtulo tiene diversas interpretaciones. El antiguo nombre del yate, pero tambi\u00e9n el per\u00edodo de aceptaci\u00f3n de Marie.<\/p>\n\n\n\n<p>En la primera parte, el director acent\u00faa el sentir de la m\u00e9dium con una fotograf\u00eda en blanco y negro, que se vuelve a color, cuando acepta su poder para ayudar.<em>Transition <\/em>resulta, pues, una extra\u00f1a mezcla de documental y ficci\u00f3n, que es adem\u00e1s un testimonio de la soledad en los tiempos de pandemia.<\/p>\n","protected":false},"excerpt":{"rendered":"<p>CINE DE MA\u00d1ANA Del ocho al 25 de septiembre, se celebrar\u00e1 en la Cineteca Nacional la S\u00e9ptima edici\u00f3n de Talento Emergente. Como se recordar\u00e1 en este festival, se re\u00fane las primeras obras de 14 nuevos directores que el d\u00eda de ma\u00f1ana ser\u00e1n los consagrados del s\u00e9ptimo arte. Toc\u00f3 el turno de inaugurar el ciclo a [&hellip;]<\/p>\n","protected":false},"author":96,"featured_media":228552,"comment_status":"closed","ping_status":"closed","sticky":false,"template":"","format":"standard","meta":{"footnotes":""},"categories":[41,54,42],"tags":[],"class_list":["post-228551","post","type-post","status-publish","format-standard","has-post-thumbnail","hentry","category-arteria-cultural","category-jorge-carrasco","category-nuestrapalabra"],"_links":{"self":[{"href":"https:\/\/plazajuarez.mx\/historico\/wp-json\/wp\/v2\/posts\/228551","targetHints":{"allow":["GET"]}}],"collection":[{"href":"https:\/\/plazajuarez.mx\/historico\/wp-json\/wp\/v2\/posts"}],"about":[{"href":"https:\/\/plazajuarez.mx\/historico\/wp-json\/wp\/v2\/types\/post"}],"author":[{"embeddable":true,"href":"https:\/\/plazajuarez.mx\/historico\/wp-json\/wp\/v2\/users\/96"}],"replies":[{"embeddable":true,"href":"https:\/\/plazajuarez.mx\/historico\/wp-json\/wp\/v2\/comments?post=228551"}],"version-history":[{"count":0,"href":"https:\/\/plazajuarez.mx\/historico\/wp-json\/wp\/v2\/posts\/228551\/revisions"}],"wp:featuredmedia":[{"embeddable":true,"href":"https:\/\/plazajuarez.mx\/historico\/wp-json\/wp\/v2\/media\/228552"}],"wp:attachment":[{"href":"https:\/\/plazajuarez.mx\/historico\/wp-json\/wp\/v2\/media?parent=228551"}],"wp:term":[{"taxonomy":"category","embeddable":true,"href":"https:\/\/plazajuarez.mx\/historico\/wp-json\/wp\/v2\/categories?post=228551"},{"taxonomy":"post_tag","embeddable":true,"href":"https:\/\/plazajuarez.mx\/historico\/wp-json\/wp\/v2\/tags?post=228551"}],"curies":[{"name":"wp","href":"https:\/\/api.w.org\/{rel}","templated":true}]}}