{"id":228534,"date":"2022-09-04T10:48:14","date_gmt":"2022-09-04T15:48:14","guid":{"rendered":"https:\/\/plazajuarez.mx\/?p=228534"},"modified":"2022-09-04T10:48:20","modified_gmt":"2022-09-04T15:48:20","slug":"denuncian-la-desaparicion-de-una-joven-de-23-anos","status":"publish","type":"post","link":"https:\/\/plazajuarez.mx\/historico\/denuncian-la-desaparicion-de-una-joven-de-23-anos\/","title":{"rendered":"Denuncian la desaparici\u00f3n\u00a0de una joven de 23 a\u00f1os\u00a0"},"content":{"rendered":"\n<p>Durante las \u00faltimas horas familiares de una joven de 23 a\u00f1os de edad, acudieron a la Procuradur\u00eda General de Justicia, para presentar la denuncia sobre la desaparici\u00f3n&nbsp; de la f\u00e9mina, al tiempo que solicitaron la colaboraci\u00f3n de las autoridades para tratar de dar con su paradero.<\/p>\n\n\n\n<p>Por ello se activ\u00f3 la&nbsp; Ficha de B\u00fasqueda en favor de quien responde al nombre de Diana Labra S\u00e1nchez, de 23 a\u00f1os de edad, de quien temen que pueda ser v\u00edctima de un delito.<\/p>\n\n\n\n<p>La desaparici\u00f3n de la joven se registr\u00f3 luego de salir de su domicilio ubicado en esta capital hidalguense, donde fue vista por \u00faltima vez el 01 de septiembre del 2022 y desde entonces se desconoce su paradero, por lo que se le considera como persona no localizada.<\/p>\n","protected":false},"excerpt":{"rendered":"<p>Durante las \u00faltimas horas familiares de una joven de 23 a\u00f1os de edad, acudieron a la Procuradur\u00eda General de Justicia, para presentar la denuncia sobre la desaparici\u00f3n&nbsp; de la f\u00e9mina, al tiempo que solicitaron la colaboraci\u00f3n de las autoridades para tratar de dar con su paradero. Por ello se activ\u00f3 la&nbsp; Ficha de B\u00fasqueda en [&hellip;]<\/p>\n","protected":false},"author":93,"featured_media":228535,"comment_status":"closed","ping_status":"closed","sticky":false,"template":"","format":"standard","meta":{"footnotes":""},"categories":[37],"tags":[],"class_list":["post-228534","post","type-post","status-publish","format-standard","has-post-thumbnail","hentry","category-barandilla"],"_links":{"self":[{"href":"https:\/\/plazajuarez.mx\/historico\/wp-json\/wp\/v2\/posts\/228534","targetHints":{"allow":["GET"]}}],"collection":[{"href":"https:\/\/plazajuarez.mx\/historico\/wp-json\/wp\/v2\/posts"}],"about":[{"href":"https:\/\/plazajuarez.mx\/historico\/wp-json\/wp\/v2\/types\/post"}],"author":[{"embeddable":true,"href":"https:\/\/plazajuarez.mx\/historico\/wp-json\/wp\/v2\/users\/93"}],"replies":[{"embeddable":true,"href":"https:\/\/plazajuarez.mx\/historico\/wp-json\/wp\/v2\/comments?post=228534"}],"version-history":[{"count":0,"href":"https:\/\/plazajuarez.mx\/historico\/wp-json\/wp\/v2\/posts\/228534\/revisions"}],"wp:featuredmedia":[{"embeddable":true,"href":"https:\/\/plazajuarez.mx\/historico\/wp-json\/wp\/v2\/media\/228535"}],"wp:attachment":[{"href":"https:\/\/plazajuarez.mx\/historico\/wp-json\/wp\/v2\/media?parent=228534"}],"wp:term":[{"taxonomy":"category","embeddable":true,"href":"https:\/\/plazajuarez.mx\/historico\/wp-json\/wp\/v2\/categories?post=228534"},{"taxonomy":"post_tag","embeddable":true,"href":"https:\/\/plazajuarez.mx\/historico\/wp-json\/wp\/v2\/tags?post=228534"}],"curies":[{"name":"wp","href":"https:\/\/api.w.org\/{rel}","templated":true}]}}