{"id":228326,"date":"2022-09-02T07:48:00","date_gmt":"2022-09-02T12:48:00","guid":{"rendered":"https:\/\/plazajuarez.mx\/?p=228326"},"modified":"2022-09-02T09:57:47","modified_gmt":"2022-09-02T14:57:47","slug":"el-musical-quiero-que-mi-musica-cautive-audiencias-y-dar-a-conocer-el-flamenco-tony-de-la-vega","status":"publish","type":"post","link":"https:\/\/plazajuarez.mx\/historico\/el-musical-quiero-que-mi-musica-cautive-audiencias-y-dar-a-conocer-el-flamenco-tony-de-la-vega\/","title":{"rendered":"EL MUSICAL | \u201cQuiero que mi m\u00fasica cautive audiencias y\u00a0dar a conocer el flamenco\u201d: Tony de la Vega"},"content":{"rendered":"\n<p class=\"wp-block-paragraph\">Mejor conocido como Tony de la Vega, el joven Jos\u00e9 Antonio Acastenco S\u00e1nchez, busca cautivar audiencias con su estilo m\u00fasical, el cual fusiona el flamenco y los g\u00e9neros urbano y moderno.<\/p>\n\n\n\n<p class=\"wp-block-paragraph\">Actualmente cuenta con 22 a\u00f1os edad y est\u00e1 iniciando su carrera musical acompa\u00f1ado de su productor Gio Moreno, quien tambi\u00e9n es cantautor, ambos hidalguenses.<\/p>\n\n\n\n<p class=\"wp-block-paragraph\">\u201cDesde peque\u00f1o comenc\u00e9 con la danza flamenca, y quise fusionar el flamenco con la m\u00fasica urbana y lo moderno, actualmente tengo seis sencillos\u201d, entre ellos el titulado \u201ctu ausencia\u201d que es mi carta de presentaci\u00f3n\u201d.<\/p>\n\n\n\n<iframe loading=\"lazy\" width=\"560\" height=\"315\" src=\"https:\/\/www.youtube.com\/embed\/WiBC6RS9l8A\" title=\"YouTube video player\" frameborder=\"0\" allow=\"accelerometer; autoplay; clipboard-write; encrypted-media; gyroscope; picture-in-picture\" allowfullscreen=\"\"><\/iframe>\n\n\n\n<p class=\"wp-block-paragraph\">Tony de la Vega afirma tener un sue\u00f1o: \u201cquiero que mi m\u00fasica llegue a lugares donde pueda cautivar audiencia que a lo mejor no conoce, quiero dar a conocer la idea del flamenco y que se lleven las ganas de querer aprender sobre el flamenco y todo lo que conlleva\u201d.<\/p>\n\n\n\n<p class=\"wp-block-paragraph\">Finalmente, extern\u00f3 un mensaje a los j\u00f3venes que desean introducirse al mundo musical a perseguir sus sue\u00f1os y a seguir picando piedra, con un estilo propio, para lograrlo.<\/p>\n\n\n\n<p class=\"wp-block-paragraph\">\u201cEl mensaje principal es que aunque la vida es dif\u00edcil y aunque toda esta cuesti\u00f3n de la vida de la m\u00fasica y dentro de los artistas, es dif\u00edcil pero si se puede hacer y que siempre tengan un toque que los diferenc\u00ede de los dem\u00e1s, con una cosa que pueda ser diferente como artista, tambi\u00e9n los hace crecer\u201d.<\/p>\n","protected":false},"excerpt":{"rendered":"<p>Mejor conocido como Tony de la Vega, el joven Jos\u00e9 Antonio Acastenco S\u00e1nchez, busca cautivar audiencias con su estilo m\u00fasical, el cual fusiona el flamenco y los g\u00e9neros urbano y moderno. Actualmente cuenta con 22 a\u00f1os edad y est\u00e1 iniciando su carrera musical acompa\u00f1ado de su productor Gio Moreno, quien tambi\u00e9n es cantautor, ambos hidalguenses. [&hellip;]<\/p>\n","protected":false},"author":73,"featured_media":228327,"comment_status":"closed","ping_status":"closed","sticky":false,"template":"","format":"standard","meta":{"footnotes":""},"categories":[41,15],"tags":[],"class_list":["post-228326","post","type-post","status-publish","format-standard","has-post-thumbnail","hentry","category-arteria-cultural","category-destacadas"],"_links":{"self":[{"href":"https:\/\/plazajuarez.mx\/historico\/wp-json\/wp\/v2\/posts\/228326","targetHints":{"allow":["GET"]}}],"collection":[{"href":"https:\/\/plazajuarez.mx\/historico\/wp-json\/wp\/v2\/posts"}],"about":[{"href":"https:\/\/plazajuarez.mx\/historico\/wp-json\/wp\/v2\/types\/post"}],"author":[{"embeddable":true,"href":"https:\/\/plazajuarez.mx\/historico\/wp-json\/wp\/v2\/users\/73"}],"replies":[{"embeddable":true,"href":"https:\/\/plazajuarez.mx\/historico\/wp-json\/wp\/v2\/comments?post=228326"}],"version-history":[{"count":0,"href":"https:\/\/plazajuarez.mx\/historico\/wp-json\/wp\/v2\/posts\/228326\/revisions"}],"wp:featuredmedia":[{"embeddable":true,"href":"https:\/\/plazajuarez.mx\/historico\/wp-json\/wp\/v2\/media\/228327"}],"wp:attachment":[{"href":"https:\/\/plazajuarez.mx\/historico\/wp-json\/wp\/v2\/media?parent=228326"}],"wp:term":[{"taxonomy":"category","embeddable":true,"href":"https:\/\/plazajuarez.mx\/historico\/wp-json\/wp\/v2\/categories?post=228326"},{"taxonomy":"post_tag","embeddable":true,"href":"https:\/\/plazajuarez.mx\/historico\/wp-json\/wp\/v2\/tags?post=228326"}],"curies":[{"name":"wp","href":"https:\/\/api.w.org\/{rel}","templated":true}]}}