{"id":228296,"date":"2022-09-02T08:33:56","date_gmt":"2022-09-02T13:33:56","guid":{"rendered":"https:\/\/plazajuarez.mx\/?p=228296"},"modified":"2022-09-02T08:34:02","modified_gmt":"2022-09-02T13:34:02","slug":"probable-caso-de-viruela-simica-en-la-entidad","status":"publish","type":"post","link":"https:\/\/plazajuarez.mx\/historico\/probable-caso-de-viruela-simica-en-la-entidad\/","title":{"rendered":"Probable caso de viruela s\u00edmica en la entidad"},"content":{"rendered":"\n<p>El titular de la Secretar\u00eda de Salud de Hidalgo (SSH), Efra\u00edn Ben\u00edtez Herrera, inform\u00f3 que hoy sesionar\u00e1 de urgencia el Consejo Estatal de Seguridad de Salud, ante un posible caso de viruela s\u00edmica en la entidad.<\/p>\n\n\n\n<p>En entrevista para \u201cAl Aire\u201d, noticiario producido por Diario Plaza Ju\u00e1rez, destac\u00f3 que la reuni\u00f3n en donde participan dependencias estatales y federales, tiene la finalidad de establecer las medidas para la vigilancia epidemiol\u00f3gica y de diagn\u00f3stico, as\u00ed como la confirmaci\u00f3n oportuna en el estado.<\/p>\n\n\n\n<p>En tanto, a dos d\u00edas de concluir la administraci\u00f3n estatal, adelant\u00f3 que se entregar\u00e1 el nuevo Hospital General totalmente equipado, as\u00ed como el programa de migraci\u00f3n del viejo al nuevo inmueble; as\u00ed como un reporte de la situaci\u00f3n y las medidas en diferentes temas, entre ellos COVID-19.<\/p>\n\n\n\n<p>Asimismo apunt\u00f3 la posibilidad de que el edificio que a\u00fan alberga al Hospital General, sea utilizado para concentrar las \u00e1reas administrativas de los Servicios de Salud, y de esta manera permitir que los procesos sean m\u00e1s eficientes y generar un ahorro por cuesti\u00f3n de la renta de los espacios en donde se encuentran diferentes \u00e1reas.<\/p>\n\n\n\n<p>En el tema de la pandemia por COVID-19, el funcionario estatal se\u00f1al\u00f3 que a\u00fan no se puede hacer un an\u00e1lisis porque acaban de iniciar las clases presenciales, de tal manera que ser\u00e1 dentro de 15 d\u00edas cuando se tenga un diagn\u00f3stico, situaci\u00f3n que ser\u00e1 evaluada por la nueva titular de la SSH, Zorayda Robles Barrera.<\/p>\n","protected":false},"excerpt":{"rendered":"<p>El titular de la Secretar\u00eda de Salud de Hidalgo (SSH), Efra\u00edn Ben\u00edtez Herrera, inform\u00f3 que hoy sesionar\u00e1 de urgencia el Consejo Estatal de Seguridad de Salud, ante un posible caso de viruela s\u00edmica en la entidad. En entrevista para \u201cAl Aire\u201d, noticiario producido por Diario Plaza Ju\u00e1rez, destac\u00f3 que la reuni\u00f3n en donde participan dependencias [&hellip;]<\/p>\n","protected":false},"author":73,"featured_media":228297,"comment_status":"closed","ping_status":"closed","sticky":false,"template":"","format":"standard","meta":{"footnotes":""},"categories":[59,2159],"tags":[],"class_list":["post-228296","post","type-post","status-publish","format-standard","has-post-thumbnail","hentry","category-general","category-noticias-de-hidalgo"],"_links":{"self":[{"href":"https:\/\/plazajuarez.mx\/historico\/wp-json\/wp\/v2\/posts\/228296","targetHints":{"allow":["GET"]}}],"collection":[{"href":"https:\/\/plazajuarez.mx\/historico\/wp-json\/wp\/v2\/posts"}],"about":[{"href":"https:\/\/plazajuarez.mx\/historico\/wp-json\/wp\/v2\/types\/post"}],"author":[{"embeddable":true,"href":"https:\/\/plazajuarez.mx\/historico\/wp-json\/wp\/v2\/users\/73"}],"replies":[{"embeddable":true,"href":"https:\/\/plazajuarez.mx\/historico\/wp-json\/wp\/v2\/comments?post=228296"}],"version-history":[{"count":0,"href":"https:\/\/plazajuarez.mx\/historico\/wp-json\/wp\/v2\/posts\/228296\/revisions"}],"wp:featuredmedia":[{"embeddable":true,"href":"https:\/\/plazajuarez.mx\/historico\/wp-json\/wp\/v2\/media\/228297"}],"wp:attachment":[{"href":"https:\/\/plazajuarez.mx\/historico\/wp-json\/wp\/v2\/media?parent=228296"}],"wp:term":[{"taxonomy":"category","embeddable":true,"href":"https:\/\/plazajuarez.mx\/historico\/wp-json\/wp\/v2\/categories?post=228296"},{"taxonomy":"post_tag","embeddable":true,"href":"https:\/\/plazajuarez.mx\/historico\/wp-json\/wp\/v2\/tags?post=228296"}],"curies":[{"name":"wp","href":"https:\/\/api.w.org\/{rel}","templated":true}]}}