{"id":228294,"date":"2022-09-02T08:32:36","date_gmt":"2022-09-02T13:32:36","guid":{"rendered":"https:\/\/plazajuarez.mx\/?p=228294"},"modified":"2022-09-02T08:32:42","modified_gmt":"2022-09-02T13:32:42","slug":"el-tiempo-7","status":"publish","type":"post","link":"https:\/\/plazajuarez.mx\/historico\/el-tiempo-7\/","title":{"rendered":"EL TIEMPO"},"content":{"rendered":"\n<h2 class=\"wp-block-heading\"><strong>ALFIL NEGRO<\/strong><\/h2>\n\n\n\n<p>Conforme pasan los d\u00edas&nbsp;<\/p>\n\n\n\n<p>siento que las cosas cambian,<\/p>\n\n\n\n<p>la vista se nos agota&nbsp;<\/p>\n\n\n\n<p>ya no miramos como antes,<\/p>\n\n\n\n<p>las piernas ya no son firmes,<\/p>\n\n\n\n<p>y se inician los&nbsp; dolores,<\/p>\n\n\n\n<p>que son cosas de la edad<\/p>\n\n\n\n<p>m\u00e1s de uno nos recita,<\/p>\n\n\n\n<p>y quien nos quiere animar&nbsp;<\/p>\n\n\n\n<p>nos dir\u00e1 &#8220;que bien t\u00e9 ves&#8221;,<\/p>\n\n\n\n<p>aunque muy claro notamos<\/p>\n\n\n\n<p>que es un gesto de ternura,<\/p>\n\n\n\n<p>porque los a\u00f1os que pasan<\/p>\n\n\n\n<p>dejan huella y cobran piso,<\/p>\n\n\n\n<p>y nada de extra\u00f1o tiene<\/p>\n\n\n\n<p>pasar de joven a viejo,<\/p>\n\n\n\n<p>pues como me ves ahora<\/p>\n\n\n\n<p>ma\u00f1ana t\u00fa te ver\u00e1s.<\/p>\n\n\n\n<p>Y pensamos tiempo es&nbsp;<\/p>\n\n\n\n<p>igual a cosas de edad,<\/p>\n\n\n\n<p>pero pens\u00e1ndolo bien<\/p>\n\n\n\n<p>\u00bfqu\u00e9 demonios es el tiempo<\/p>\n\n\n\n<p>que sepulta desde siempre<\/p>\n\n\n\n<p>a reyes y cortesanos,<\/p>\n\n\n\n<p>y que no perdona a nadie<\/p>\n\n\n\n<p>sea hombre rico o limosnero?<\/p>\n\n\n\n<p>Dicen los que saben mucho&nbsp;<\/p>\n\n\n\n<p>Que tiempo es el movimiento<\/p>\n\n\n\n<p>de lo que fue y lo ser\u00e1,<\/p>\n\n\n\n<p>pero se queda la duda&nbsp;<\/p>\n\n\n\n<p>de entender lo del presente&nbsp;<\/p>\n\n\n\n<p>que no es pasado o futuro<\/p>\n\n\n\n<p>y todo se enreda m\u00e1s.<\/p>\n\n\n\n<p>Me quedo con lo sencillo<\/p>\n\n\n\n<p>de ver el concepto tiempo,<\/p>\n\n\n\n<p>como un camino muy largo<\/p>\n\n\n\n<p>infinito y circular,<\/p>\n\n\n\n<p>que nos toca&nbsp; caminar&nbsp;<\/p>\n\n\n\n<p>apenas un tramo corto<\/p>\n\n\n\n<p>algo que llamamos vida,<\/p>\n\n\n\n<p>una raya en el oc\u00e9ano&nbsp;<\/p>\n\n\n\n<p>qu\u00e9 pasa y luego se olvida,<\/p>\n\n\n\n<p>pero que nos da de regalo<\/p>\n\n\n\n<p>el amor de la familia,<\/p>\n\n\n\n<p>el cari\u00f1o de los hijos,<\/p>\n\n\n\n<p>el cobijo del hermano,<\/p>\n\n\n\n<p>la alegr\u00eda de ver de cerca<\/p>\n\n\n\n<p>la compa\u00f1\u00eda de la esposa<\/p>\n\n\n\n<p>que como pasan los a\u00f1os&nbsp;&nbsp;<\/p>\n\n\n\n<p>amamos y admiramos,<\/p>\n\n\n\n<p>hasta entender y aceptar&nbsp;<\/p>\n\n\n\n<p>que sin ella no hay camino,<\/p>\n\n\n\n<p>sin los hijos no hay destino<\/p>\n\n\n\n<p>y son regalos del tiempo<\/p>\n\n\n\n<p>por muy breve que este sea.<\/p>\n\n\n\n<p>El tiempo tiene colores,<\/p>\n\n\n\n<p>luminoso en la alegr\u00eda,<\/p>\n\n\n\n<p>primer paso de los hijos<\/p>\n\n\n\n<p>o cuando dicen &#8220;mam\u00e1&#8221;<\/p>\n\n\n\n<p>o su primer d\u00eda de clases,<\/p>\n\n\n\n<p>y tambi\u00e9n d\u00edas de niebla<\/p>\n\n\n\n<p>sin luces y sin colores,<\/p>\n\n\n\n<p>cuando un hijo se nos va<\/p>\n\n\n\n<p>y se nos queda en el alma<\/p>\n\n\n\n<p>su caballo de madera,<\/p>\n\n\n\n<p>y su carita de ni\u00f1o<\/p>\n\n\n\n<p>que ya no veremos m\u00e1s.<\/p>\n\n\n\n<p>Lo vivido ya pas\u00f3,<\/p>\n\n\n\n<p>lo que viene llegar\u00e1,<\/p>\n\n\n\n<p>hagamos del d\u00eda presente<\/p>\n\n\n\n<p>una presencia que tenga<\/p>\n\n\n\n<p>recompensa en lo que venga,<\/p>\n\n\n\n<p>y el abrazo cari\u00f1oso<\/p>\n\n\n\n<p>del Se\u00f1or del tiempo entero&nbsp;<\/p>\n\n\n\n<p>del antes y lo que viene,<\/p>\n\n\n\n<p>siempre presente y actuante&nbsp;<\/p>\n\n\n\n<p>por los siglos de los siglos.<\/p>\n\n\n\n<p>El tiempo no tiene fin<\/p>\n\n\n\n<p>y al final ser\u00e1 presente,<\/p>\n\n\n\n<p>y que el tramo que nos toque<\/p>\n\n\n\n<p>lo vivamos con amor,<\/p>\n\n\n\n<p>y que pasados los a\u00f1os<\/p>\n\n\n\n<p>seamos recuerdo y ternura,<\/p>\n\n\n\n<p>de esposos que se esforzaron&nbsp;<\/p>\n\n\n\n<p>por amar a su familia,<\/p>\n\n\n\n<p>a la esposa y a los hijos,<\/p>\n\n\n\n<p>a los hermanos y amigos,<\/p>\n\n\n\n<p>y que hicieron de su tiempo<\/p>\n\n\n\n<p>horas de mucha ternura<\/p>\n\n\n\n<p>hasta la hora final.<\/p>\n\n\n\n<p>El tiempo misterio es<\/p>\n\n\n\n<p>un pedazo del camino<\/p>\n\n\n\n<p>que nos toca recorrer.<\/p>\n","protected":false},"excerpt":{"rendered":"<p>ALFIL NEGRO Conforme pasan los d\u00edas&nbsp; siento que las cosas cambian, la vista se nos agota&nbsp; ya no miramos como antes, las piernas ya no son firmes, y se inician los&nbsp; dolores, que son cosas de la edad m\u00e1s de uno nos recita, y quien nos quiere animar&nbsp; nos dir\u00e1 &#8220;que bien t\u00e9 ves&#8221;, aunque [&hellip;]<\/p>\n","protected":false},"author":83,"featured_media":208526,"comment_status":"closed","ping_status":"closed","sticky":false,"template":"","format":"standard","meta":{"footnotes":""},"categories":[48,42],"tags":[],"class_list":["post-228294","post","type-post","status-publish","format-standard","has-post-thumbnail","hentry","category-adalberto-peralta","category-nuestrapalabra"],"_links":{"self":[{"href":"https:\/\/plazajuarez.mx\/historico\/wp-json\/wp\/v2\/posts\/228294","targetHints":{"allow":["GET"]}}],"collection":[{"href":"https:\/\/plazajuarez.mx\/historico\/wp-json\/wp\/v2\/posts"}],"about":[{"href":"https:\/\/plazajuarez.mx\/historico\/wp-json\/wp\/v2\/types\/post"}],"author":[{"embeddable":true,"href":"https:\/\/plazajuarez.mx\/historico\/wp-json\/wp\/v2\/users\/83"}],"replies":[{"embeddable":true,"href":"https:\/\/plazajuarez.mx\/historico\/wp-json\/wp\/v2\/comments?post=228294"}],"version-history":[{"count":0,"href":"https:\/\/plazajuarez.mx\/historico\/wp-json\/wp\/v2\/posts\/228294\/revisions"}],"wp:featuredmedia":[{"embeddable":true,"href":"https:\/\/plazajuarez.mx\/historico\/wp-json\/wp\/v2\/media\/208526"}],"wp:attachment":[{"href":"https:\/\/plazajuarez.mx\/historico\/wp-json\/wp\/v2\/media?parent=228294"}],"wp:term":[{"taxonomy":"category","embeddable":true,"href":"https:\/\/plazajuarez.mx\/historico\/wp-json\/wp\/v2\/categories?post=228294"},{"taxonomy":"post_tag","embeddable":true,"href":"https:\/\/plazajuarez.mx\/historico\/wp-json\/wp\/v2\/tags?post=228294"}],"curies":[{"name":"wp","href":"https:\/\/api.w.org\/{rel}","templated":true}]}}