{"id":228292,"date":"2022-09-02T08:31:47","date_gmt":"2022-09-02T13:31:47","guid":{"rendered":"https:\/\/plazajuarez.mx\/?p=228292"},"modified":"2022-09-02T08:31:52","modified_gmt":"2022-09-02T13:31:52","slug":"un-equipo-netamente-de-menchaca","status":"publish","type":"post","link":"https:\/\/plazajuarez.mx\/historico\/un-equipo-netamente-de-menchaca\/","title":{"rendered":"Un equipo netamente de Menchaca"},"content":{"rendered":"\n<h2 class=\"wp-block-heading\">RETRATOS HABLADOS<\/h2>\n\n\n\n<p>El gobernador electo, <strong>Julio Menchaca Salazar<\/strong>, supo mandar un mensaje claro de que \u00e9l es quien manda, al seleccionar un gabinete que le acompa\u00f1ar\u00e1 en su administraci\u00f3n, que tiene como com\u00fan denominador estar conformado por hombres y mujeres con plena identificaci\u00f3n con quien ser\u00e1 su jefe durante los pr\u00f3ximos seis a\u00f1os. No hay espacio para se\u00f1alar que alguno de los pr\u00f3ximos nuevos funcionarios, llegar\u00e1 al cargo por recomendaci\u00f3n de \u00e9ste o aquel personaje. No, se trata de personas que eligi\u00f3 personalmente el mandatario electo, que entrar\u00e1 en funciones a partir del pr\u00f3ximo lunes.<\/p>\n\n\n\n<p>Hac\u00eda falta sin duda un golpe sobre la mesa, para de una vez por todas hacer a un lado maledicentes interpretaciones, que lo hab\u00edan dejado en calidad de encargado del gobierno de la entidad. Cada uno de los personajes anunciados han sido desde hace mucho tiempo personajes ligados a <strong>Menchaca Salazar.<\/strong><\/p>\n\n\n\n<p>A lo anterior es importante sumar la capacitaci\u00f3n acad\u00e9mica, porque de poco puede servir un Secretario o Secretaria de absoluta confianza, si no est\u00e1 preparado para cumplir el encargo que se le ha otorgado.<\/p>\n\n\n\n<p>Lo cierto tambi\u00e9n es que estamos ante una nueva generaci\u00f3n de pol\u00edticos, pocos no tanto, que tienen una visi\u00f3n diferente y ajena a grupos pol\u00edticos tradicionales de poder en el Estado, y que no llegan como pago de favores a ning\u00fan l\u00edder, o quien piensa que le deben algo.<\/p>\n\n\n\n<p>La pregunta constante es sobre cu\u00e1ntos de los que hoy fueron anunciados para cargos tan importantes, llegar\u00e1n hasta el final del sexenio, y por supuesto que siempre existen dudas, porque muchos son los que llegan, pero pocos los que terminan.<\/p>\n\n\n\n<p>En algunos casos la opini\u00f3n un\u00e1nime es que la selecci\u00f3n fue m\u00e1s que acertada, como es el caso de la doctora <strong>Tania Meza Escorza<\/strong>, quien sin duda lograr\u00e1 recuperar el valor de una Secretar\u00eda tan vital como la de Cultura. Por lo mientras las expectativas en torno a lo que habr\u00e1 de lograr son m\u00e1s que amplias, y por muchas razones se antoja que la doctora <strong>Meza Escorza<\/strong> lograr\u00e1 uno de los mejores momentos en esa dependencia de reciente creaci\u00f3n.<\/p>\n\n\n\n<p>Mientras tanto avanzan los preparativos para la toma de protesta del gobernador <strong>Menchaca<\/strong>, al tiempo que pocos se explican o se quieren explicar el porqu\u00e9 renunci\u00f3 a su cargo <strong>Alejandro Habib<\/strong>, Procurador General del Estado de Hidalgo, en tanto crece la versi\u00f3n de que el ex titular de la Unidad de Inteligencia Financiera de Hacienda, <strong>Santiago Nieto<\/strong>, habr\u00eda sido designado como encargado del despacho.&nbsp;<\/p>\n\n\n\n<p>As\u00ed las cosas.<\/p>\n\n\n\n<p>Mil gracias, hasta el pr\u00f3ximo lunes.<\/p>\n\n\n\n<p><a href=\"mailto:jeperalta@plazajuarez.mx\/historico\/historico\">jeperalta@plazajuarez.mx\/historico\/historico<\/a><\/p>\n\n\n\n<p>@JavierEPeralta<\/p>\n","protected":false},"excerpt":{"rendered":"<p>RETRATOS HABLADOS El gobernador electo, Julio Menchaca Salazar, supo mandar un mensaje claro de que \u00e9l es quien manda, al seleccionar un gabinete que le acompa\u00f1ar\u00e1 en su administraci\u00f3n, que tiene como com\u00fan denominador estar conformado por hombres y mujeres con plena identificaci\u00f3n con quien ser\u00e1 su jefe durante los pr\u00f3ximos seis a\u00f1os. No hay [&hellip;]<\/p>\n","protected":false},"author":10,"featured_media":208653,"comment_status":"closed","ping_status":"closed","sticky":false,"template":"","format":"standard","meta":{"footnotes":""},"categories":[49,42],"tags":[],"class_list":["post-228292","post","type-post","status-publish","format-standard","has-post-thumbnail","hentry","category-javier-peralta","category-nuestrapalabra"],"_links":{"self":[{"href":"https:\/\/plazajuarez.mx\/historico\/wp-json\/wp\/v2\/posts\/228292","targetHints":{"allow":["GET"]}}],"collection":[{"href":"https:\/\/plazajuarez.mx\/historico\/wp-json\/wp\/v2\/posts"}],"about":[{"href":"https:\/\/plazajuarez.mx\/historico\/wp-json\/wp\/v2\/types\/post"}],"author":[{"embeddable":true,"href":"https:\/\/plazajuarez.mx\/historico\/wp-json\/wp\/v2\/users\/10"}],"replies":[{"embeddable":true,"href":"https:\/\/plazajuarez.mx\/historico\/wp-json\/wp\/v2\/comments?post=228292"}],"version-history":[{"count":0,"href":"https:\/\/plazajuarez.mx\/historico\/wp-json\/wp\/v2\/posts\/228292\/revisions"}],"wp:featuredmedia":[{"embeddable":true,"href":"https:\/\/plazajuarez.mx\/historico\/wp-json\/wp\/v2\/media\/208653"}],"wp:attachment":[{"href":"https:\/\/plazajuarez.mx\/historico\/wp-json\/wp\/v2\/media?parent=228292"}],"wp:term":[{"taxonomy":"category","embeddable":true,"href":"https:\/\/plazajuarez.mx\/historico\/wp-json\/wp\/v2\/categories?post=228292"},{"taxonomy":"post_tag","embeddable":true,"href":"https:\/\/plazajuarez.mx\/historico\/wp-json\/wp\/v2\/tags?post=228292"}],"curies":[{"name":"wp","href":"https:\/\/api.w.org\/{rel}","templated":true}]}}