{"id":228208,"date":"2022-09-01T09:45:00","date_gmt":"2022-09-01T14:45:00","guid":{"rendered":"https:\/\/plazajuarez.mx\/?p=228208"},"modified":"2022-09-01T10:55:53","modified_gmt":"2022-09-01T15:55:53","slug":"tiempos-canallas-presentado-en-la-feria-universitaria-del-libro","status":"publish","type":"post","link":"https:\/\/plazajuarez.mx\/historico\/tiempos-canallas-presentado-en-la-feria-universitaria-del-libro\/","title":{"rendered":"\u201cTiempos canallas\u201d, presentado en la Feria Universitaria del Libro"},"content":{"rendered":"\n<p>El escritor Jaime Alfonso Sandoval present\u00f3 en la Feria universitaria del Libro (FUL) su libro \u201cTiempos canallas\u201d, el cual gira en torno a 25 cartas, que un se\u00f1or misterioso llamado Diego hace llegar a una jovencita de 19 a\u00f1os: \u201cquiere contarle una historia de fantasmas que se enlaza con su vida\u201d, se\u00f1al\u00f3 el autor.&nbsp;<\/p>\n\n\n\n<p>Detall\u00f3 que el libro une g\u00e9neros como juvenil, ficci\u00f3n y terror y que tard\u00f3 10 a\u00f1os en escribirlo, incluso pensaba dejarlo en el olvido, pero gracias a que consigui\u00f3 una beca, pudo concluirlo.&nbsp;<\/p>\n\n\n\n<p>Se\u00f1al\u00f3, que, si pudiese hablar respecto a este libro, con su yo de hace 10 a\u00f1os, le dir\u00eda \u201cte va a llevar mucho tiempo, pero lo tienes que hacer en ese tiempo\u201d.&nbsp;<\/p>\n\n\n\n<p>El libro, tal como lo dice en la portada, es una \u201chistoria de fantasmas\u201d, pero Jaime Alfonso jam\u00e1s en su vida ha visto uno, solo lleg\u00f3 escuchar uno dentro de un teatro; y explic\u00f3 que tambi\u00e9n existen los fantasmas emocionales: \u201cComo dec\u00eda Guillermo del Toro, un fantasma en un eco de dolor que se qued\u00f3\u201d.&nbsp;<\/p>\n\n\n\n<p>En entrevista para <em>Diario Plaza Ju\u00e1rez, <\/em>Jaime Alfonso, a\u00f1adi\u00f3 que con motivo de que la presentaci\u00f3n se dio en el d\u00eda de su cumplea\u00f1os, que fue la mejor celebraci\u00f3n que pudo haber tenido.<\/p>\n\n\n\n<p>Se\u00f1al\u00f3 que uno de los temas centrales de sus obras es el crecimiento, esto debido a que retrata personajes muy j\u00f3venes: \u201ctienen que ver con temas alrededor del crecimiento; qu\u00e9 es crecer, encontrar la madurez, saber sortear los momentos duros de la vida, todo lo que tiene que ver con el primer amor; todas las primeras veces, el primer gran dolor, la primera gran decepci\u00f3n, todo lo que se encuentra cuando est\u00e1s creciendo\u201d.&nbsp;<\/p>\n\n\n\n<p>Otro de los temas que pone en sus libros, es el saber pedir ayuda: \u201cno es f\u00e1cil, no es nada f\u00e1cil, pero hay que hacerlo\u201d, y como ejemplo maneja a Teo, el padre de Diego que tuvo una adolescencia tard\u00eda y que siempre evade los problemas: \u201cdesafortunadamente existen personajes y personas que lo que hacen es no resolver los problemas, entonces estos se van acumulando, a veces alguien de la familia tiene que tomar este papel de ser el que va a resolver\u201d.&nbsp;<\/p>\n\n\n\n<p>Sum\u00f3: \u201csi tenemos un problema, hay que resolver no hay que evadirlo porque si lo evades; no lo ves; pero est\u00e1 ah\u00ed y va creciendo, no desaparece\u201d.&nbsp;<\/p>\n\n\n\n<p>Se\u00f1al\u00f3 que le gusta hablar acerca de estos temas porque \u201csiempre en M\u00e9xico decimos que faltan lectores, que no hay suficientes lectores, siempre nos estamos quejando editores, escritoras, escritores, promotores. Siempre estamos buscando lectores y yo creo que, si no hay lectores, hay que crear lectores y una mejor manera es hacer buenos libros\u201d.&nbsp;<\/p>\n","protected":false},"excerpt":{"rendered":"<p>El escritor Jaime Alfonso Sandoval present\u00f3 en la Feria universitaria del Libro (FUL) su libro \u201cTiempos canallas\u201d, el cual gira en torno a 25 cartas, que un se\u00f1or misterioso llamado Diego hace llegar a una jovencita de 19 a\u00f1os: \u201cquiere contarle una historia de fantasmas que se enlaza con su vida\u201d, se\u00f1al\u00f3 el autor.&nbsp; Detall\u00f3 [&hellip;]<\/p>\n","protected":false},"author":101,"featured_media":228212,"comment_status":"closed","ping_status":"closed","sticky":false,"template":"","format":"standard","meta":{"footnotes":""},"categories":[41,15,59],"tags":[],"class_list":["post-228208","post","type-post","status-publish","format-standard","has-post-thumbnail","hentry","category-arteria-cultural","category-destacadas","category-general"],"_links":{"self":[{"href":"https:\/\/plazajuarez.mx\/historico\/wp-json\/wp\/v2\/posts\/228208","targetHints":{"allow":["GET"]}}],"collection":[{"href":"https:\/\/plazajuarez.mx\/historico\/wp-json\/wp\/v2\/posts"}],"about":[{"href":"https:\/\/plazajuarez.mx\/historico\/wp-json\/wp\/v2\/types\/post"}],"author":[{"embeddable":true,"href":"https:\/\/plazajuarez.mx\/historico\/wp-json\/wp\/v2\/users\/101"}],"replies":[{"embeddable":true,"href":"https:\/\/plazajuarez.mx\/historico\/wp-json\/wp\/v2\/comments?post=228208"}],"version-history":[{"count":0,"href":"https:\/\/plazajuarez.mx\/historico\/wp-json\/wp\/v2\/posts\/228208\/revisions"}],"wp:featuredmedia":[{"embeddable":true,"href":"https:\/\/plazajuarez.mx\/historico\/wp-json\/wp\/v2\/media\/228212"}],"wp:attachment":[{"href":"https:\/\/plazajuarez.mx\/historico\/wp-json\/wp\/v2\/media?parent=228208"}],"wp:term":[{"taxonomy":"category","embeddable":true,"href":"https:\/\/plazajuarez.mx\/historico\/wp-json\/wp\/v2\/categories?post=228208"},{"taxonomy":"post_tag","embeddable":true,"href":"https:\/\/plazajuarez.mx\/historico\/wp-json\/wp\/v2\/tags?post=228208"}],"curies":[{"name":"wp","href":"https:\/\/api.w.org\/{rel}","templated":true}]}}