{"id":228199,"date":"2022-09-01T10:17:05","date_gmt":"2022-09-01T15:17:05","guid":{"rendered":"https:\/\/plazajuarez.mx\/?p=228199"},"modified":"2022-09-01T10:17:11","modified_gmt":"2022-09-01T15:17:11","slug":"trasciende-que-el-procurador-alejandro-habib-nicolas-habria-renunciado-esta-manana","status":"publish","type":"post","link":"https:\/\/plazajuarez.mx\/historico\/trasciende-que-el-procurador-alejandro-habib-nicolas-habria-renunciado-esta-manana\/","title":{"rendered":"Trasciende que el procurador Alejandro Habib Nicol\u00e1s habr\u00eda renunciado esta ma\u00f1ana"},"content":{"rendered":"\n<p>De manera sorpresiva trascendi\u00f3 que esta ma\u00f1ana el procurador General de Justicia del estado de Hidalgo, Alejandro Habib Nicol\u00e1s habr\u00eda renunciado a su cargo.<\/p>\n\n\n\n<p>Extraoficialmente se sabe que Habib Nicol\u00e1s, con antelaci\u00f3n hab\u00eda externado su intenci\u00f3n de mantenerse al frente de la Procuradur\u00eda General de Justicia del Estado de Hidalgo, (PGJH), para colaborar con el gobernador electo Julio Menchaca Salazar, por lo que caus\u00f3 sorpresa en el \u00e1mbito pol\u00edtico la decisi\u00f3n de separarse de la dependencia encargada de procurar justicia.<\/p>\n\n\n\n<p>Aunque de manera oficial no se ha emitido pronunciamiento alguno al respecto, esta ma\u00f1ana los funcionarios de la PGJH, est\u00e1n a la espera del inicio de una reuni\u00f3n que ser\u00e1 presidida por Alejandro Habib Nicol\u00e1s.<\/p>\n","protected":false},"excerpt":{"rendered":"<p>De manera sorpresiva trascendi\u00f3 que esta ma\u00f1ana el procurador General de Justicia del estado de Hidalgo, Alejandro Habib Nicol\u00e1s habr\u00eda renunciado a su cargo. Extraoficialmente se sabe que Habib Nicol\u00e1s, con antelaci\u00f3n hab\u00eda externado su intenci\u00f3n de mantenerse al frente de la Procuradur\u00eda General de Justicia del Estado de Hidalgo, (PGJH), para colaborar con el [&hellip;]<\/p>\n","protected":false},"author":93,"featured_media":228200,"comment_status":"closed","ping_status":"closed","sticky":false,"template":"","format":"standard","meta":{"footnotes":""},"categories":[37,15],"tags":[],"class_list":["post-228199","post","type-post","status-publish","format-standard","has-post-thumbnail","hentry","category-barandilla","category-destacadas"],"_links":{"self":[{"href":"https:\/\/plazajuarez.mx\/historico\/wp-json\/wp\/v2\/posts\/228199","targetHints":{"allow":["GET"]}}],"collection":[{"href":"https:\/\/plazajuarez.mx\/historico\/wp-json\/wp\/v2\/posts"}],"about":[{"href":"https:\/\/plazajuarez.mx\/historico\/wp-json\/wp\/v2\/types\/post"}],"author":[{"embeddable":true,"href":"https:\/\/plazajuarez.mx\/historico\/wp-json\/wp\/v2\/users\/93"}],"replies":[{"embeddable":true,"href":"https:\/\/plazajuarez.mx\/historico\/wp-json\/wp\/v2\/comments?post=228199"}],"version-history":[{"count":0,"href":"https:\/\/plazajuarez.mx\/historico\/wp-json\/wp\/v2\/posts\/228199\/revisions"}],"wp:featuredmedia":[{"embeddable":true,"href":"https:\/\/plazajuarez.mx\/historico\/wp-json\/wp\/v2\/media\/228200"}],"wp:attachment":[{"href":"https:\/\/plazajuarez.mx\/historico\/wp-json\/wp\/v2\/media?parent=228199"}],"wp:term":[{"taxonomy":"category","embeddable":true,"href":"https:\/\/plazajuarez.mx\/historico\/wp-json\/wp\/v2\/categories?post=228199"},{"taxonomy":"post_tag","embeddable":true,"href":"https:\/\/plazajuarez.mx\/historico\/wp-json\/wp\/v2\/tags?post=228199"}],"curies":[{"name":"wp","href":"https:\/\/api.w.org\/{rel}","templated":true}]}}