{"id":228175,"date":"2022-09-01T09:28:54","date_gmt":"2022-09-01T14:28:54","guid":{"rendered":"https:\/\/plazajuarez.mx\/?p=228175"},"modified":"2022-09-01T09:28:59","modified_gmt":"2022-09-01T14:28:59","slug":"rindio-el-ieeh-informes-finales-de-actividades-de-comisiones","status":"publish","type":"post","link":"https:\/\/plazajuarez.mx\/historico\/rindio-el-ieeh-informes-finales-de-actividades-de-comisiones\/","title":{"rendered":"Rindi\u00f3 el IEEH Informes Finales de Actividades de Comisiones"},"content":{"rendered":"\n<p class=\"wp-block-paragraph\">El Instituto Estatal Electoral de Hidalgo (IEEH), rindi\u00f3, durante la Segunda Sesi\u00f3n Ordinaria del mes de agosto, los Informes Finales de Actividades de las Comisiones: Unidad de Capacitaci\u00f3n y Organizaci\u00f3n Electoral; la Temporal de Seguimiento a la Implementaci\u00f3n del Conteo R\u00e1pido; as\u00ed como la Temporal de Precampa\u00f1as, todas instaladas para el Proceso Electoral Local 2021-2022 en el que se renov\u00f3 la Gubernatura en el estado de Hidalgo.&nbsp;<\/p>\n\n\n\n<p class=\"wp-block-paragraph\">Durante la misma Sesi\u00f3n, fueron aprobadas las ponderaciones para efectos del resultado trianual de las y los miembros del Servicio Profesional Electoral Nacional (SPEN) adscritos a este Instituto; asimismo las Actas correspondientes a la Primera Sesi\u00f3n Ordinaria y Primera Sesi\u00f3n Extraordinaria del 11 y 19 de agosto, respectivamente. De la misma manera, se llev\u00f3 a cabo la toma de protesta de las Titulares de la Direcci\u00f3n Ejecutiva de Capacitaci\u00f3n Electoral y Educaci\u00f3n C\u00edvica, as\u00ed como de la Direcci\u00f3n del Centro de Estudios para la Democracia.<\/p>\n\n\n\n<p class=\"wp-block-paragraph\">Respecto de las ponderaciones para efectos del resultado trianual de las y los miembros del SPEN adscritos al IEEH, se dijo que el Servicio comprende la selecci\u00f3n, ingreso, capacitaci\u00f3n, profesionalizaci\u00f3n, promoci\u00f3n, evaluaci\u00f3n, rotaci\u00f3n, permanencia y disciplina de los servidores p\u00fablicos de los \u00f3rganos ejecutivos y t\u00e9cnicos del&nbsp; INE y de los Organismos P\u00fablicos Locales Electorales (OPLE).<\/p>\n","protected":false},"excerpt":{"rendered":"<p>El Instituto Estatal Electoral de Hidalgo (IEEH), rindi\u00f3, durante la Segunda Sesi\u00f3n Ordinaria del mes de agosto, los Informes Finales de Actividades de las Comisiones: Unidad de Capacitaci\u00f3n y Organizaci\u00f3n Electoral; la Temporal de Seguimiento a la Implementaci\u00f3n del Conteo R\u00e1pido; as\u00ed como la Temporal de Precampa\u00f1as, todas instaladas para el Proceso Electoral Local 2021-2022 [&hellip;]<\/p>\n","protected":false},"author":93,"featured_media":228176,"comment_status":"closed","ping_status":"closed","sticky":false,"template":"","format":"standard","meta":{"footnotes":""},"categories":[59,2159],"tags":[],"class_list":["post-228175","post","type-post","status-publish","format-standard","has-post-thumbnail","hentry","category-general","category-noticias-de-hidalgo"],"_links":{"self":[{"href":"https:\/\/plazajuarez.mx\/historico\/wp-json\/wp\/v2\/posts\/228175","targetHints":{"allow":["GET"]}}],"collection":[{"href":"https:\/\/plazajuarez.mx\/historico\/wp-json\/wp\/v2\/posts"}],"about":[{"href":"https:\/\/plazajuarez.mx\/historico\/wp-json\/wp\/v2\/types\/post"}],"author":[{"embeddable":true,"href":"https:\/\/plazajuarez.mx\/historico\/wp-json\/wp\/v2\/users\/93"}],"replies":[{"embeddable":true,"href":"https:\/\/plazajuarez.mx\/historico\/wp-json\/wp\/v2\/comments?post=228175"}],"version-history":[{"count":0,"href":"https:\/\/plazajuarez.mx\/historico\/wp-json\/wp\/v2\/posts\/228175\/revisions"}],"wp:featuredmedia":[{"embeddable":true,"href":"https:\/\/plazajuarez.mx\/historico\/wp-json\/wp\/v2\/media\/228176"}],"wp:attachment":[{"href":"https:\/\/plazajuarez.mx\/historico\/wp-json\/wp\/v2\/media?parent=228175"}],"wp:term":[{"taxonomy":"category","embeddable":true,"href":"https:\/\/plazajuarez.mx\/historico\/wp-json\/wp\/v2\/categories?post=228175"},{"taxonomy":"post_tag","embeddable":true,"href":"https:\/\/plazajuarez.mx\/historico\/wp-json\/wp\/v2\/tags?post=228175"}],"curies":[{"name":"wp","href":"https:\/\/api.w.org\/{rel}","templated":true}]}}