{"id":227918,"date":"2022-08-30T09:42:00","date_gmt":"2022-08-30T14:42:00","guid":{"rendered":"https:\/\/plazajuarez.mx\/?p=227918"},"modified":"2022-08-30T12:19:13","modified_gmt":"2022-08-30T17:19:13","slug":"fotorreportaje-el-alza-en-la-tortilla","status":"publish","type":"post","link":"https:\/\/plazajuarez.mx\/historico\/fotorreportaje-el-alza-en-la-tortilla\/","title":{"rendered":"FOTORREPORTAJE | El alza en la tortilla"},"content":{"rendered":"\n<p>Desde el primero de agosto, la tortilla subi\u00f3 de precio y pese a que Mart\u00edn Mart\u00ednez Destunis, secretario general de la C\u00e1mara Nacional de Producci\u00f3n de masa y tortilla en la Rep\u00fablica Mexicana, prev\u00e9 que el precio ya no vuelva a subir, hay tortilleras que creen lo contrario.<\/p>\n\n\n\n<figure class=\"wp-block-image size-full\"><img loading=\"lazy\" decoding=\"async\" width=\"1600\" height=\"1200\" src=\"https:\/\/plazajuarez.mx\/historico\/historico\/wp-content\/uploads\/2022\/08\/FOTORREPORTAJE-El-alza-en-la-tortilla-Fotografia-Diario-Plaza-Juarez-1.jpg\" alt=\"\" class=\"wp-image-227930\" srcset=\"https:\/\/plazajuarez.mx\/historico\/wp-content\/uploads\/2022\/08\/FOTORREPORTAJE-El-alza-en-la-tortilla-Fotografia-Diario-Plaza-Juarez-1.jpg 1600w, https:\/\/plazajuarez.mx\/historico\/wp-content\/uploads\/2022\/08\/FOTORREPORTAJE-El-alza-en-la-tortilla-Fotografia-Diario-Plaza-Juarez-1-768x576.jpg 768w, https:\/\/plazajuarez.mx\/historico\/wp-content\/uploads\/2022\/08\/FOTORREPORTAJE-El-alza-en-la-tortilla-Fotografia-Diario-Plaza-Juarez-1-1536x1152.jpg 1536w\" sizes=\"auto, (max-width: 1600px) 100vw, 1600px\" \/><figcaption>Foto: Diario Plaza Ju\u00e1rez<\/figcaption><\/figure>\n\n\n\n<p>En algunas tortiller\u00edas, como la de \u201cBarreteros\u201d, donde el precio de la tortilla es de 20 pesos, un cartel anuncia que debido al incremento de materia prima, subir\u00e1n su precio para subsistir.<\/p>\n\n\n\n<figure class=\"wp-block-image size-full\"><img loading=\"lazy\" decoding=\"async\" width=\"1600\" height=\"1200\" src=\"https:\/\/plazajuarez.mx\/historico\/historico\/wp-content\/uploads\/2022\/08\/FOTORREPORTAJE-El-alza-en-la-tortilla-Fotografia-Diario-Plaza-Juarez-2.jpg\" alt=\"\" class=\"wp-image-227931\" srcset=\"https:\/\/plazajuarez.mx\/historico\/wp-content\/uploads\/2022\/08\/FOTORREPORTAJE-El-alza-en-la-tortilla-Fotografia-Diario-Plaza-Juarez-2.jpg 1600w, https:\/\/plazajuarez.mx\/historico\/wp-content\/uploads\/2022\/08\/FOTORREPORTAJE-El-alza-en-la-tortilla-Fotografia-Diario-Plaza-Juarez-2-768x576.jpg 768w, https:\/\/plazajuarez.mx\/historico\/wp-content\/uploads\/2022\/08\/FOTORREPORTAJE-El-alza-en-la-tortilla-Fotografia-Diario-Plaza-Juarez-2-1536x1152.jpg 1536w\" sizes=\"auto, (max-width: 1600px) 100vw, 1600px\" \/><figcaption>Foto: Diario Plaza Ju\u00e1rez<\/figcaption><\/figure>\n\n\n\n<p>Gerardo Ram\u00edrez se\u00f1al\u00f3 que hab\u00eda d\u00edas donde vend\u00edan un total de 200 kilos al d\u00eda, pero que con los aumentos baj\u00f3 y es la mitad lo que se vende.<\/p>\n\n\n\n<figure class=\"wp-block-image size-full\"><img loading=\"lazy\" decoding=\"async\" width=\"1600\" height=\"1200\" src=\"https:\/\/plazajuarez.mx\/historico\/historico\/wp-content\/uploads\/2022\/08\/FOTORREPORTAJE-El-alza-en-la-tortilla-Fotografia-Diario-Plaza-Juarez-3.jpg\" alt=\"\" class=\"wp-image-227932\" srcset=\"https:\/\/plazajuarez.mx\/historico\/wp-content\/uploads\/2022\/08\/FOTORREPORTAJE-El-alza-en-la-tortilla-Fotografia-Diario-Plaza-Juarez-3.jpg 1600w, https:\/\/plazajuarez.mx\/historico\/wp-content\/uploads\/2022\/08\/FOTORREPORTAJE-El-alza-en-la-tortilla-Fotografia-Diario-Plaza-Juarez-3-768x576.jpg 768w, https:\/\/plazajuarez.mx\/historico\/wp-content\/uploads\/2022\/08\/FOTORREPORTAJE-El-alza-en-la-tortilla-Fotografia-Diario-Plaza-Juarez-3-1536x1152.jpg 1536w\" sizes=\"auto, (max-width: 1600px) 100vw, 1600px\" \/><figcaption>Foto: Diario Plaza Ju\u00e1rez<\/figcaption><\/figure>\n\n\n\n<p>Mientras que en la tortiller\u00eda \u201cEl grano de oro\u201d el precio fue aumentado desde hace 15 d\u00edas, pas\u00f3 de 20 a 22 pesos, y creen que posiblemente haya un aumento m\u00e1s.<\/p>\n\n\n\n<figure class=\"wp-block-image size-full\"><img loading=\"lazy\" decoding=\"async\" width=\"1600\" height=\"1200\" src=\"https:\/\/plazajuarez.mx\/historico\/historico\/wp-content\/uploads\/2022\/08\/FOTORREPORTAJE-El-alza-en-la-tortilla-Fotografia-Diario-Plaza-Juarez-4.jpg\" alt=\"\" class=\"wp-image-227933\" srcset=\"https:\/\/plazajuarez.mx\/historico\/wp-content\/uploads\/2022\/08\/FOTORREPORTAJE-El-alza-en-la-tortilla-Fotografia-Diario-Plaza-Juarez-4.jpg 1600w, https:\/\/plazajuarez.mx\/historico\/wp-content\/uploads\/2022\/08\/FOTORREPORTAJE-El-alza-en-la-tortilla-Fotografia-Diario-Plaza-Juarez-4-768x576.jpg 768w, https:\/\/plazajuarez.mx\/historico\/wp-content\/uploads\/2022\/08\/FOTORREPORTAJE-El-alza-en-la-tortilla-Fotografia-Diario-Plaza-Juarez-4-1536x1152.jpg 1536w\" sizes=\"auto, (max-width: 1600px) 100vw, 1600px\" \/><figcaption>Foto: Diario Plaza Ju\u00e1rez<\/figcaption><\/figure>\n\n\n\n<p>El precio de la tortilla se debe al incremento de la harina, el ma\u00edz, el gas y el acero.\u00a0<\/p>\n\n\n\n<figure class=\"wp-block-image size-full\"><img loading=\"lazy\" decoding=\"async\" width=\"1600\" height=\"1200\" src=\"https:\/\/plazajuarez.mx\/historico\/historico\/wp-content\/uploads\/2022\/08\/FOTORREPORTAJE-El-alza-en-la-tortilla-Fotografia-Diario-Plaza-Juarez-.jpg\" alt=\"\" class=\"wp-image-227929\" srcset=\"https:\/\/plazajuarez.mx\/historico\/wp-content\/uploads\/2022\/08\/FOTORREPORTAJE-El-alza-en-la-tortilla-Fotografia-Diario-Plaza-Juarez-.jpg 1600w, https:\/\/plazajuarez.mx\/historico\/wp-content\/uploads\/2022\/08\/FOTORREPORTAJE-El-alza-en-la-tortilla-Fotografia-Diario-Plaza-Juarez--768x576.jpg 768w, https:\/\/plazajuarez.mx\/historico\/wp-content\/uploads\/2022\/08\/FOTORREPORTAJE-El-alza-en-la-tortilla-Fotografia-Diario-Plaza-Juarez--1536x1152.jpg 1536w\" sizes=\"auto, (max-width: 1600px) 100vw, 1600px\" \/><figcaption>Foto: Diario Plaza Ju\u00e1rez<\/figcaption><\/figure>\n","protected":false},"excerpt":{"rendered":"<p>Desde el primero de agosto, la tortilla subi\u00f3 de precio y pese a que Mart\u00edn Mart\u00ednez Destunis, secretario general de la C\u00e1mara Nacional de Producci\u00f3n de masa y tortilla en la Rep\u00fablica Mexicana, prev\u00e9 que el precio ya no vuelva a subir, hay tortilleras que creen lo contrario. En algunas tortiller\u00edas, como la de \u201cBarreteros\u201d, [&hellip;]<\/p>\n","protected":false},"author":101,"featured_media":227931,"comment_status":"closed","ping_status":"closed","sticky":false,"template":"","format":"standard","meta":{"footnotes":""},"categories":[15,59],"tags":[],"class_list":["post-227918","post","type-post","status-publish","format-standard","has-post-thumbnail","hentry","category-destacadas","category-general"],"_links":{"self":[{"href":"https:\/\/plazajuarez.mx\/historico\/wp-json\/wp\/v2\/posts\/227918","targetHints":{"allow":["GET"]}}],"collection":[{"href":"https:\/\/plazajuarez.mx\/historico\/wp-json\/wp\/v2\/posts"}],"about":[{"href":"https:\/\/plazajuarez.mx\/historico\/wp-json\/wp\/v2\/types\/post"}],"author":[{"embeddable":true,"href":"https:\/\/plazajuarez.mx\/historico\/wp-json\/wp\/v2\/users\/101"}],"replies":[{"embeddable":true,"href":"https:\/\/plazajuarez.mx\/historico\/wp-json\/wp\/v2\/comments?post=227918"}],"version-history":[{"count":0,"href":"https:\/\/plazajuarez.mx\/historico\/wp-json\/wp\/v2\/posts\/227918\/revisions"}],"wp:featuredmedia":[{"embeddable":true,"href":"https:\/\/plazajuarez.mx\/historico\/wp-json\/wp\/v2\/media\/227931"}],"wp:attachment":[{"href":"https:\/\/plazajuarez.mx\/historico\/wp-json\/wp\/v2\/media?parent=227918"}],"wp:term":[{"taxonomy":"category","embeddable":true,"href":"https:\/\/plazajuarez.mx\/historico\/wp-json\/wp\/v2\/categories?post=227918"},{"taxonomy":"post_tag","embeddable":true,"href":"https:\/\/plazajuarez.mx\/historico\/wp-json\/wp\/v2\/tags?post=227918"}],"curies":[{"name":"wp","href":"https:\/\/api.w.org\/{rel}","templated":true}]}}