{"id":227877,"date":"2022-08-30T08:02:00","date_gmt":"2022-08-30T13:02:00","guid":{"rendered":"https:\/\/plazajuarez.mx\/?p=227877"},"modified":"2022-08-30T09:03:51","modified_gmt":"2022-08-30T14:03:51","slug":"hidalgo-hizo-historia-en-educacion-en-los-ultimos-anos-fayad","status":"publish","type":"post","link":"https:\/\/plazajuarez.mx\/historico\/hidalgo-hizo-historia-en-educacion-en-los-ultimos-anos-fayad\/","title":{"rendered":"Hidalgo hizo historia en educaci\u00f3n, en los \u00faltimos a\u00f1os: Fayad"},"content":{"rendered":"\n<p>En Hidalgo, estamos haciendo historia en materia educativa, ya que, durante estos seis a\u00f1os, superamos todos los apoyos que los hidalguenses han recibido en educaci\u00f3n hasta entonces, expres\u00f3 el gobernador Omar Fayad durante el inicio del ciclo escolar 2022-2023, en la Escuela Secundaria T\u00e9cnica n\u00famero 6, de Chilcuautla.<\/p>\n\n\n\n<p>\u201cAh\u00ed est\u00e1 la obra, tratamos de incidir en la escuela, para mejorarla, en los planes y programas de estudio, tratamos de sumar materiales did\u00e1cticos para ense\u00f1anza; todos los apoyos de uniformes, libros, las becas, quiere decir que incidimos en todo lo que nos puede ayudar a mejorar la calidad de la educaci\u00f3n, y de veras que siento, lo percibo as\u00ed, que ha valido la pena este gran esfuerzo, porque nos hemos comprometido todos, y esto pues est\u00e1 dando muy buenos resultados en los indicadores a trav\u00e9s de los cuales decidimos gobernar\u201d.&nbsp;<\/p>\n\n\n\n<p>El mandatario enfatiz\u00f3 que pese al complejo panorama que se vivi\u00f3 durante la pandemia ning\u00fan indicador en materia educativa retrocedi\u00f3 en los \u00faltimos seis a\u00f1os, lo que habla del esfuerzo y compromiso que docentes, autoridades y alumnos han puesto para que Hidalgo se consolide como el segundo lugar nacional en cobertura educativa, seg\u00fan el Instituto Mexicano para la Competitividad (IMCO).<\/p>\n\n\n\n<p>Tras atestiguar la entrega simb\u00f3lica de \u00fatiles escolares para alumnos de diferentes grados escolares, Herminio Baltazar Cisneros, coordinador general de Universidades Tecnol\u00f3gicas y Polit\u00e9cnicas, en nombre de la Secretar\u00eda de Educaci\u00f3n P\u00fablica, Delfina G\u00f3mez \u00c1lvarez, asever\u00f3 que con el regreso a clases hist\u00f3rico permitir\u00e1, millones de estudiantes del pa\u00eds retomar\u00e1n las clases presenciales, parte fundamental en la vida estudiantil.<\/p>\n","protected":false},"excerpt":{"rendered":"<p>En Hidalgo, estamos haciendo historia en materia educativa, ya que, durante estos seis a\u00f1os, superamos todos los apoyos que los hidalguenses han recibido en educaci\u00f3n hasta entonces, expres\u00f3 el gobernador Omar Fayad durante el inicio del ciclo escolar 2022-2023, en la Escuela Secundaria T\u00e9cnica n\u00famero 6, de Chilcuautla. \u201cAh\u00ed est\u00e1 la obra, tratamos de incidir [&hellip;]<\/p>\n","protected":false},"author":93,"featured_media":227878,"comment_status":"closed","ping_status":"closed","sticky":false,"template":"","format":"standard","meta":{"footnotes":""},"categories":[15,59,2159],"tags":[],"class_list":["post-227877","post","type-post","status-publish","format-standard","has-post-thumbnail","hentry","category-destacadas","category-general","category-noticias-de-hidalgo"],"_links":{"self":[{"href":"https:\/\/plazajuarez.mx\/historico\/wp-json\/wp\/v2\/posts\/227877","targetHints":{"allow":["GET"]}}],"collection":[{"href":"https:\/\/plazajuarez.mx\/historico\/wp-json\/wp\/v2\/posts"}],"about":[{"href":"https:\/\/plazajuarez.mx\/historico\/wp-json\/wp\/v2\/types\/post"}],"author":[{"embeddable":true,"href":"https:\/\/plazajuarez.mx\/historico\/wp-json\/wp\/v2\/users\/93"}],"replies":[{"embeddable":true,"href":"https:\/\/plazajuarez.mx\/historico\/wp-json\/wp\/v2\/comments?post=227877"}],"version-history":[{"count":0,"href":"https:\/\/plazajuarez.mx\/historico\/wp-json\/wp\/v2\/posts\/227877\/revisions"}],"wp:featuredmedia":[{"embeddable":true,"href":"https:\/\/plazajuarez.mx\/historico\/wp-json\/wp\/v2\/media\/227878"}],"wp:attachment":[{"href":"https:\/\/plazajuarez.mx\/historico\/wp-json\/wp\/v2\/media?parent=227877"}],"wp:term":[{"taxonomy":"category","embeddable":true,"href":"https:\/\/plazajuarez.mx\/historico\/wp-json\/wp\/v2\/categories?post=227877"},{"taxonomy":"post_tag","embeddable":true,"href":"https:\/\/plazajuarez.mx\/historico\/wp-json\/wp\/v2\/tags?post=227877"}],"curies":[{"name":"wp","href":"https:\/\/api.w.org\/{rel}","templated":true}]}}