{"id":227874,"date":"2022-08-30T09:02:38","date_gmt":"2022-08-30T14:02:38","guid":{"rendered":"https:\/\/plazajuarez.mx\/?p=227874"},"modified":"2022-08-30T09:02:43","modified_gmt":"2022-08-30T14:02:43","slug":"entregan-a-menchaca-diagnostico-preliminar-de-la-administracion-estatal","status":"publish","type":"post","link":"https:\/\/plazajuarez.mx\/historico\/entregan-a-menchaca-diagnostico-preliminar-de-la-administracion-estatal\/","title":{"rendered":"Entregan a Menchaca diagn\u00f3stico preliminar de la administraci\u00f3n estatal"},"content":{"rendered":"\n<p>El gobernador electo, Julio Menchaca Salazar, recibi\u00f3 de su equipo de transici\u00f3n el diagn\u00f3stico preliminar del estado que guarda la Administraci\u00f3n P\u00fablica centralizada y paraestatal.&nbsp;<\/p>\n\n\n\n<p>Durante su intervenci\u00f3n, Menchaca Salazar reconoci\u00f3 el trabajo y dedicaci\u00f3n de cada una y uno de los vocales a cargo de este proceso, enfatizando que su administraci\u00f3n, llevar\u00e1 la responsabilidad de cumplir con los compromisos de campa\u00f1a que le permitieron ganar la elecci\u00f3n el pasado 5 de junio.<\/p>\n\n\n\n<p>Manifest\u00f3 que debido al creciente nivel de expectativa que la ciudadan\u00eda presenta frente al cambio de r\u00e9gimen, quienes integren el nuevo gabinete deber\u00e1n asumir este reto en beneficio de la ciudadan\u00eda, resaltando que no se otorgar\u00e1n segundas oportunidades a quienes comentan alg\u00fan error en perjuicio de la sociedad.<\/p>\n\n\n\n<p>Record\u00f3 que \u00e9l mismo se enfrentar\u00e1 a un proceso de revocaci\u00f3n de mandato y ser\u00e1 el pueblo quien decida si permanece o no al frente de la administraci\u00f3n estatal.&nbsp;<\/p>\n\n\n\n<p>Respecto a los resultados que arrojan estos diagn\u00f3sticos preliminares, el gobernador electo enfatiz\u00f3 que, de comprobarse posibles violaciones a la ley por parte de funcionarios del gobierno saliente, no se permitir\u00e1n actos de impunidad.<\/p>\n","protected":false},"excerpt":{"rendered":"<p>El gobernador electo, Julio Menchaca Salazar, recibi\u00f3 de su equipo de transici\u00f3n el diagn\u00f3stico preliminar del estado que guarda la Administraci\u00f3n P\u00fablica centralizada y paraestatal.&nbsp; Durante su intervenci\u00f3n, Menchaca Salazar reconoci\u00f3 el trabajo y dedicaci\u00f3n de cada una y uno de los vocales a cargo de este proceso, enfatizando que su administraci\u00f3n, llevar\u00e1 la responsabilidad [&hellip;]<\/p>\n","protected":false},"author":93,"featured_media":227875,"comment_status":"closed","ping_status":"closed","sticky":false,"template":"","format":"standard","meta":{"footnotes":""},"categories":[15,59,2159],"tags":[],"class_list":["post-227874","post","type-post","status-publish","format-standard","has-post-thumbnail","hentry","category-destacadas","category-general","category-noticias-de-hidalgo"],"_links":{"self":[{"href":"https:\/\/plazajuarez.mx\/historico\/wp-json\/wp\/v2\/posts\/227874","targetHints":{"allow":["GET"]}}],"collection":[{"href":"https:\/\/plazajuarez.mx\/historico\/wp-json\/wp\/v2\/posts"}],"about":[{"href":"https:\/\/plazajuarez.mx\/historico\/wp-json\/wp\/v2\/types\/post"}],"author":[{"embeddable":true,"href":"https:\/\/plazajuarez.mx\/historico\/wp-json\/wp\/v2\/users\/93"}],"replies":[{"embeddable":true,"href":"https:\/\/plazajuarez.mx\/historico\/wp-json\/wp\/v2\/comments?post=227874"}],"version-history":[{"count":0,"href":"https:\/\/plazajuarez.mx\/historico\/wp-json\/wp\/v2\/posts\/227874\/revisions"}],"wp:featuredmedia":[{"embeddable":true,"href":"https:\/\/plazajuarez.mx\/historico\/wp-json\/wp\/v2\/media\/227875"}],"wp:attachment":[{"href":"https:\/\/plazajuarez.mx\/historico\/wp-json\/wp\/v2\/media?parent=227874"}],"wp:term":[{"taxonomy":"category","embeddable":true,"href":"https:\/\/plazajuarez.mx\/historico\/wp-json\/wp\/v2\/categories?post=227874"},{"taxonomy":"post_tag","embeddable":true,"href":"https:\/\/plazajuarez.mx\/historico\/wp-json\/wp\/v2\/tags?post=227874"}],"curies":[{"name":"wp","href":"https:\/\/api.w.org\/{rel}","templated":true}]}}