{"id":227832,"date":"2022-08-29T15:15:22","date_gmt":"2022-08-29T20:15:22","guid":{"rendered":"https:\/\/plazajuarez.mx\/?p=227832"},"modified":"2022-08-29T15:15:28","modified_gmt":"2022-08-29T20:15:28","slug":"jersey_portero","status":"publish","type":"post","link":"https:\/\/plazajuarez.mx\/historico\/jersey_portero\/","title":{"rendered":"Jersey de portero para Qatar 2022 estar\u00eda inspirado en Jorge Campos"},"content":{"rendered":"\n<p> Ya se conocen los dos uniformes que utilizar\u00e1 la Selecci\u00f3n Mexicana en el Mundial de Qatar 2022, pero a\u00fan falta descubrir cu\u00e1l ser\u00e1 el de los porteros.<\/p>\n\n\n\n<p>Y mientras se hacen oficiales las indumentarias para los guardametas del Tricolor, en redes sociales hay versiones de que la marca alemana Adidas lanzar\u00eda un dise\u00f1o inspirado en un hist\u00f3rico del futbol mexicano como Jorge Campos.<\/p>\n\n\n\n<p>El ahora analista de TV Azteca sol\u00eda tener uniformes coloridos que eran acompa\u00f1ados por sus grandes atajadas, relaci\u00f3n que lo llev\u00f3 a ser uno de los m\u00e1s famosos en todo el mundo.<\/p>\n\n\n\n<p>Por ello, para esta Copa del Mundo de Qatar el jersey de los guardametas de la Selecci\u00f3n Mexicana tendr\u00eda un dise\u00f1o con todo y colores basados en el ex portero.<\/p>\n","protected":false},"excerpt":{"rendered":"<p>Ya se conocen los dos uniformes que utilizar\u00e1 la Selecci\u00f3n Mexicana en el Mundial de Qatar 2022, pero a\u00fan falta descubrir cu\u00e1l ser\u00e1 el de los porteros. Y mientras se hacen oficiales las indumentarias para los guardametas del Tricolor, en redes sociales hay versiones de que la marca alemana Adidas lanzar\u00eda un dise\u00f1o inspirado en [&hellip;]<\/p>\n","protected":false},"author":81,"featured_media":227835,"comment_status":"closed","ping_status":"closed","sticky":false,"template":"","format":"standard","meta":{"footnotes":""},"categories":[39,15],"tags":[],"class_list":["post-227832","post","type-post","status-publish","format-standard","has-post-thumbnail","hentry","category-deportiva","category-destacadas"],"_links":{"self":[{"href":"https:\/\/plazajuarez.mx\/historico\/wp-json\/wp\/v2\/posts\/227832","targetHints":{"allow":["GET"]}}],"collection":[{"href":"https:\/\/plazajuarez.mx\/historico\/wp-json\/wp\/v2\/posts"}],"about":[{"href":"https:\/\/plazajuarez.mx\/historico\/wp-json\/wp\/v2\/types\/post"}],"author":[{"embeddable":true,"href":"https:\/\/plazajuarez.mx\/historico\/wp-json\/wp\/v2\/users\/81"}],"replies":[{"embeddable":true,"href":"https:\/\/plazajuarez.mx\/historico\/wp-json\/wp\/v2\/comments?post=227832"}],"version-history":[{"count":0,"href":"https:\/\/plazajuarez.mx\/historico\/wp-json\/wp\/v2\/posts\/227832\/revisions"}],"wp:featuredmedia":[{"embeddable":true,"href":"https:\/\/plazajuarez.mx\/historico\/wp-json\/wp\/v2\/media\/227835"}],"wp:attachment":[{"href":"https:\/\/plazajuarez.mx\/historico\/wp-json\/wp\/v2\/media?parent=227832"}],"wp:term":[{"taxonomy":"category","embeddable":true,"href":"https:\/\/plazajuarez.mx\/historico\/wp-json\/wp\/v2\/categories?post=227832"},{"taxonomy":"post_tag","embeddable":true,"href":"https:\/\/plazajuarez.mx\/historico\/wp-json\/wp\/v2\/tags?post=227832"}],"curies":[{"name":"wp","href":"https:\/\/api.w.org\/{rel}","templated":true}]}}