{"id":227826,"date":"2022-08-29T15:02:35","date_gmt":"2022-08-29T20:02:35","guid":{"rendered":"https:\/\/plazajuarez.mx\/?p=227826"},"modified":"2022-08-29T15:02:40","modified_gmt":"2022-08-29T20:02:40","slug":"alejandro_murat","status":"publish","type":"post","link":"https:\/\/plazajuarez.mx\/historico\/alejandro_murat\/","title":{"rendered":"AMLO recibe a Alejandro Murat"},"content":{"rendered":"\n<p>Esta tarde de lunes, Alejandro Murat (PRI), gobernador de Oaxaca, lleg\u00f3 a Palacio Nacional para reunirse con el presidente Andr\u00e9s Manuel L\u00f3pez Obrador para supervisar los avances del Corredor Interoce\u00e1nico del Istmo de Tehuantepec, unas de las obras insignia del gobierno federal.<\/p>\n\n\n\n<p>En punto de las 12:30 se observ\u00f3 al mandatario oaxaque\u00f1o llegar al recinto hist\u00f3rico por el acceso de la calle Corregidora y en donde confirm\u00f3 la reuni\u00f3n con el jefe del Ejecutivo federal.<\/p>\n\n\n\n<p>&#8220;Gobernador, \u00bfcu\u00e1l es el tema de la reuni\u00f3n de hoy?&#8221;, se le pregunt\u00f3 a su llegada.<\/p>\n\n\n\n<p>&#8220;El Corredor Interoce\u00e1nico, vamos a evaluar. Si quieren ahorita al salir les comparto la informaci\u00f3n&#8221;, contest\u00f3 brevemente antes de ingresar a Palacio Nacional.<\/p>\n","protected":false},"excerpt":{"rendered":"<p>Esta tarde de lunes, Alejandro Murat (PRI), gobernador de Oaxaca, lleg\u00f3 a Palacio Nacional para reunirse con el presidente Andr\u00e9s Manuel L\u00f3pez Obrador para supervisar los avances del Corredor Interoce\u00e1nico del Istmo de Tehuantepec, unas de las obras insignia del gobierno federal. En punto de las 12:30 se observ\u00f3 al mandatario oaxaque\u00f1o llegar al recinto [&hellip;]<\/p>\n","protected":false},"author":81,"featured_media":227827,"comment_status":"closed","ping_status":"closed","sticky":false,"template":"","format":"standard","meta":{"footnotes":""},"categories":[15,36],"tags":[],"class_list":["post-227826","post","type-post","status-publish","format-standard","has-post-thumbnail","hentry","category-destacadas","category-nacion"],"_links":{"self":[{"href":"https:\/\/plazajuarez.mx\/historico\/wp-json\/wp\/v2\/posts\/227826","targetHints":{"allow":["GET"]}}],"collection":[{"href":"https:\/\/plazajuarez.mx\/historico\/wp-json\/wp\/v2\/posts"}],"about":[{"href":"https:\/\/plazajuarez.mx\/historico\/wp-json\/wp\/v2\/types\/post"}],"author":[{"embeddable":true,"href":"https:\/\/plazajuarez.mx\/historico\/wp-json\/wp\/v2\/users\/81"}],"replies":[{"embeddable":true,"href":"https:\/\/plazajuarez.mx\/historico\/wp-json\/wp\/v2\/comments?post=227826"}],"version-history":[{"count":0,"href":"https:\/\/plazajuarez.mx\/historico\/wp-json\/wp\/v2\/posts\/227826\/revisions"}],"wp:featuredmedia":[{"embeddable":true,"href":"https:\/\/plazajuarez.mx\/historico\/wp-json\/wp\/v2\/media\/227827"}],"wp:attachment":[{"href":"https:\/\/plazajuarez.mx\/historico\/wp-json\/wp\/v2\/media?parent=227826"}],"wp:term":[{"taxonomy":"category","embeddable":true,"href":"https:\/\/plazajuarez.mx\/historico\/wp-json\/wp\/v2\/categories?post=227826"},{"taxonomy":"post_tag","embeddable":true,"href":"https:\/\/plazajuarez.mx\/historico\/wp-json\/wp\/v2\/tags?post=227826"}],"curies":[{"name":"wp","href":"https:\/\/api.w.org\/{rel}","templated":true}]}}