{"id":227815,"date":"2022-08-29T14:12:50","date_gmt":"2022-08-29T19:12:50","guid":{"rendered":"https:\/\/plazajuarez.mx\/?p=227815"},"modified":"2022-08-29T14:12:56","modified_gmt":"2022-08-29T19:12:56","slug":"amlo_delfi","status":"publish","type":"post","link":"https:\/\/plazajuarez.mx\/historico\/amlo_delfi\/","title":{"rendered":"AMLO pone nerviosa a Delfina G\u00f3mez"},"content":{"rendered":"\n<p>Al anunciar que el pr\u00f3ximo 1 de septiembre Leticia Ram\u00edrez asumir\u00e1 como nueva secretaria de Educaci\u00f3n P\u00fablica, Delfina G\u00f3mez se puso nerviosa y evit\u00f3 contestarle al Ejecutivo federal que iniciar\u00e1 campa\u00f1a para la gubernatura del Estado de M\u00e9xico por parte de Morena.<\/p>\n\n\n\n<p>En el sal\u00f3n Tesorer\u00eda y al final de la ma\u00f1anera, el presidente L\u00f3pez Obrador le pidi\u00f3 a Delfina G\u00f3mez que se acercara junto con Leticia Ram\u00edrez, todav\u00eda titular de Atenci\u00f3n Ciudadana de Presidencia, para destacar que ambas son maestras de grupo &#8220;eso nunca se hab\u00eda visto, nunca en la historia&#8221;.<\/p>\n\n\n\n<p>&#8220;Vengan las dos. Son maestras, es un cambio tambi\u00e9n de fondo, miren el maestro Vasconcelos lo mejor, como promotor de la cultura, \u00e9l permiti\u00f3 como secretario de Educaci\u00f3n a Diego (Rivera), a todos los pintores, que se dediquen a pintar los murales de Palacio (Nacional), en la misma secretaria de Educaci\u00f3n.<\/p>\n\n\n\n<p>&#8220;En fin un hombre extraordinario, de primera el maestro Vasconcelos, como antes el maestro Justo Sierra, se lleg\u00f3 a decir que era &#8220;El Maestro de Am\u00e9rica&#8221; y as\u00ed otros, Agust\u00edn Y\u00e1\u00f1ez, muy buenos, de los \u00faltimos muy buenos secretarios, don Jes\u00fas Reyes Heroles, Torres Bodet, dos veces secretario de Educaci\u00f3n, muy bueno, muy bueno, pero aqu\u00ed estamos hablando de maestras de grupo, eso nunca se hab\u00eda visto, nunca en la historia.<\/p>\n\n\n\n<p>&#8220;Todos desde luego eran maestros, pero universitarios, intelectuales de prestigio mundial, pero no maestros de educaci\u00f3n b\u00e1sica&#8221;, dijo.<\/p>\n\n\n\n<p>Afirm\u00f3 que el paso de Delfina G\u00f3mez y ahora con Leticia Ram\u00edrez es &#8220;un reconocimiento a las maestras, a los maestros de M\u00e9xico, y lo han hecho muy bien porque tiene toda la sensibilidad para comprender a sus compa\u00f1eras maestras, sus compa\u00f1eros maestros, esto nos ayuda mucho&#8221;, dijo mientras abrazaba a Delfina G\u00f3mez y a Leticia Ram\u00edrez.<\/p>\n\n\n\n<p>&#8220;\u00bfA d\u00f3nde va usted?&#8221;, pregunt\u00f3 el presidente L\u00f3pez Obrador a Delfina G\u00f3mez.<\/p>\n\n\n\n<p>Nerviosa, la todav\u00eda titular de la SEP, solo se limit\u00f3 a sonre\u00edr y evitar responder al Mandatario federal.<\/p>\n\n\n\n<p>&#8220;Aqu\u00ed la queremos mucho&#8221;, dijo el primer mandatario para tranquilizar a la candidata morenista, quien respondi\u00f3 &#8220;yo estoy tambi\u00e9n muy agradecida&#8221;.<\/p>\n","protected":false},"excerpt":{"rendered":"<p>Al anunciar que el pr\u00f3ximo 1 de septiembre Leticia Ram\u00edrez asumir\u00e1 como nueva secretaria de Educaci\u00f3n P\u00fablica, Delfina G\u00f3mez se puso nerviosa y evit\u00f3 contestarle al Ejecutivo federal que iniciar\u00e1 campa\u00f1a para la gubernatura del Estado de M\u00e9xico por parte de Morena. En el sal\u00f3n Tesorer\u00eda y al final de la ma\u00f1anera, el presidente L\u00f3pez [&hellip;]<\/p>\n","protected":false},"author":81,"featured_media":227816,"comment_status":"closed","ping_status":"closed","sticky":false,"template":"","format":"standard","meta":{"footnotes":""},"categories":[15,36],"tags":[],"class_list":["post-227815","post","type-post","status-publish","format-standard","has-post-thumbnail","hentry","category-destacadas","category-nacion"],"_links":{"self":[{"href":"https:\/\/plazajuarez.mx\/historico\/wp-json\/wp\/v2\/posts\/227815","targetHints":{"allow":["GET"]}}],"collection":[{"href":"https:\/\/plazajuarez.mx\/historico\/wp-json\/wp\/v2\/posts"}],"about":[{"href":"https:\/\/plazajuarez.mx\/historico\/wp-json\/wp\/v2\/types\/post"}],"author":[{"embeddable":true,"href":"https:\/\/plazajuarez.mx\/historico\/wp-json\/wp\/v2\/users\/81"}],"replies":[{"embeddable":true,"href":"https:\/\/plazajuarez.mx\/historico\/wp-json\/wp\/v2\/comments?post=227815"}],"version-history":[{"count":0,"href":"https:\/\/plazajuarez.mx\/historico\/wp-json\/wp\/v2\/posts\/227815\/revisions"}],"wp:featuredmedia":[{"embeddable":true,"href":"https:\/\/plazajuarez.mx\/historico\/wp-json\/wp\/v2\/media\/227816"}],"wp:attachment":[{"href":"https:\/\/plazajuarez.mx\/historico\/wp-json\/wp\/v2\/media?parent=227815"}],"wp:term":[{"taxonomy":"category","embeddable":true,"href":"https:\/\/plazajuarez.mx\/historico\/wp-json\/wp\/v2\/categories?post=227815"},{"taxonomy":"post_tag","embeddable":true,"href":"https:\/\/plazajuarez.mx\/historico\/wp-json\/wp\/v2\/tags?post=227815"}],"curies":[{"name":"wp","href":"https:\/\/api.w.org\/{rel}","templated":true}]}}