{"id":227789,"date":"2022-08-29T12:53:39","date_gmt":"2022-08-29T17:53:39","guid":{"rendered":"https:\/\/plazajuarez.mx\/?p=227789"},"modified":"2022-08-29T12:53:45","modified_gmt":"2022-08-29T17:53:45","slug":"sonora-pasa-de-la-sequia-extrema-a-las-inundaciones","status":"publish","type":"post","link":"https:\/\/plazajuarez.mx\/historico\/sonora-pasa-de-la-sequia-extrema-a-las-inundaciones\/","title":{"rendered":"Sonora pasa de la sequ\u00eda extrema a las inundaciones"},"content":{"rendered":"\n<p>Sonora pas\u00f3 en tan solo dos meses de una crisis por sequ\u00eda severa y extrema, a padecer inundaciones que han obligado a desfogar las presas y han causado la muerte de 13 personas.<\/p>\n\n\n\n<p>Ante el monz\u00f3n de Norteam\u00e9rica, que dej\u00f3 lluvias extraordinarias en las \u00faltimas semanas, las autoridades han activado declaratorias de emergencia y desastre para asistir a miles de familias damnificadas.<\/p>\n\n\n\n<p>De acuerdo con el Monitor de Sequ\u00eda en M\u00e9xico, que cada 15 d\u00edas publica la Comisi\u00f3n Nacional del Agua (Conagua), al 15 de junio en Sonora hab\u00eda 29 municipios en sequ\u00eda severa (D2), y 43 municipios en sequ\u00eda extrema (D3).<\/p>\n\n\n\n<p>Pero ahora, todos los municipios de Sonora pueden quedar pronto fuera de la sequ\u00eda, asever\u00f3 este lunes a Efe Jes\u00fas Antonio Cruz Varela, director general del Organismo Cuenca del Noroeste (OCNO) de la Comisi\u00f3n Nacional del Agua (Conagua).<\/p>\n\n\n\n<p>\u201cEs probable, en el \u00faltimo monitor del 15 de agosto solamente ten\u00edamos en sequ\u00eda los municipios de Puerto Pe\u00f1asco y San Luis R\u00edo Colorado, \u00faltimamente les estuvo lloviendo mucho tambi\u00e9n&#8221;, asegur\u00f3.<\/p>\n\n\n\n<p>El funcionario particip\u00f3 el viernes pasado en la apertura de la compuerta para desfogar la presa Rodolfo F\u00e9lix Vald\u00e9s, \u201cEl Molinito\u201d, una medida implementada para evitar inundaciones porque el pron\u00f3stico oficial del tiempo indica que tormentas, ciclones o huracanes podr\u00edan azotar a Sonora en septiembre.<\/p>\n\n\n\n<p>\u201cEs importante el desfogue porque necesitamos mantener las presas en niveles bajos por los pron\u00f3sticos que tenemos de posibles lluvias en los pr\u00f3ximos d\u00edas. Hemos tenido un mes de agosto muy bueno, por encima de la media hist\u00f3rica, con m\u00e1s de 55 mil\u00edmetros, que es una muy buena cantidad de agua&#8221;, expuso.<\/p>\n\n\n\n<p>Sonora era una de las regiones m\u00e1s afectadas por la emergencia por sequ\u00eda severa, extrema o excepcional en cuencas para 2022 que la Conagua decret\u00f3 en julio pasado.<\/p>\n\n\n\n<p>A finales de ese mes, el sistema de presas de Sonora contaba con apenas el 20,4 % de almacenamiento y 2 embalses estaban totalmente vac\u00edos.<\/p>\n\n\n\n<p>Actualmente, las 10 presas est\u00e1n al 55,4 %, un 12 % m\u00e1s que en la misma fecha del 2022, adem\u00e1s de que en agosto le ingresaron m\u00e1s de 225 hect\u00f3metros o millones de metros c\u00fabicos de agua en un solo d\u00eda.<\/p>\n\n\n\n<p>Una de las presas que estaban totalmente seca hace un mes es la Abelardo L. Rodr\u00edguez, en Hermosillo, capital del estado, que actualmente est\u00e1 al 17,4 % y recibe 1,31 millones de metros c\u00fabicos diarios del desfogue de la presa &#8220;El Molinito&#8221;, por lo que especialistas estiman que ambos embalses podr\u00edan alcanzar su mayor nivel en d\u00e9cadas.<\/p>\n\n\n\n<p>Tan solo en un d\u00eda, la regi\u00f3n Guaymas-Empalme registr\u00f3 precipitaciones de m\u00e1s de 450 mil\u00edmetros de agua que generaron inundaciones y el Ej\u00e9rcito Mexicano activ\u00f3 el Plan DN3 para asistir a la poblaci\u00f3n civil damnificada, porque m\u00e1s de 1.500 hogares tuvieron p\u00e9rdidas totales por la inundaci\u00f3n.<\/p>\n\n\n\n<p>Adem\u00e1s de da\u00f1os econ\u00f3micos por inundaciones en zonas industriales, comerciales y habitacionales, las lluvias han causado la muerte de al menos 13 personas, incluyendo 5 menores de edad, de las que 12 murieron ahogados y uno por la ca\u00edda de un rayo.<\/p>\n\n\n\n<p>Pese a la tragedia, Sonora pas\u00f3 del estr\u00e9s por d\u00e9ficit h\u00eddrico a garantizarse el abasto para irrigar los dos pr\u00f3ximos ciclos agr\u00edcolas y captar suficiente agua en los pozos y mantos fri\u00e1ticos para el consumo urbano.<\/p>\n","protected":false},"excerpt":{"rendered":"<p>Sonora pas\u00f3 en tan solo dos meses de una crisis por sequ\u00eda severa y extrema, a padecer inundaciones que han obligado a desfogar las presas y han causado la muerte de 13 personas. Ante el monz\u00f3n de Norteam\u00e9rica, que dej\u00f3 lluvias extraordinarias en las \u00faltimas semanas, las autoridades han activado declaratorias de emergencia y desastre [&hellip;]<\/p>\n","protected":false},"author":80,"featured_media":227790,"comment_status":"closed","ping_status":"closed","sticky":false,"template":"","format":"standard","meta":{"footnotes":""},"categories":[15,36,2166],"tags":[],"class_list":["post-227789","post","type-post","status-publish","format-standard","has-post-thumbnail","hentry","category-destacadas","category-nacion","category-viral"],"_links":{"self":[{"href":"https:\/\/plazajuarez.mx\/historico\/wp-json\/wp\/v2\/posts\/227789","targetHints":{"allow":["GET"]}}],"collection":[{"href":"https:\/\/plazajuarez.mx\/historico\/wp-json\/wp\/v2\/posts"}],"about":[{"href":"https:\/\/plazajuarez.mx\/historico\/wp-json\/wp\/v2\/types\/post"}],"author":[{"embeddable":true,"href":"https:\/\/plazajuarez.mx\/historico\/wp-json\/wp\/v2\/users\/80"}],"replies":[{"embeddable":true,"href":"https:\/\/plazajuarez.mx\/historico\/wp-json\/wp\/v2\/comments?post=227789"}],"version-history":[{"count":0,"href":"https:\/\/plazajuarez.mx\/historico\/wp-json\/wp\/v2\/posts\/227789\/revisions"}],"wp:featuredmedia":[{"embeddable":true,"href":"https:\/\/plazajuarez.mx\/historico\/wp-json\/wp\/v2\/media\/227790"}],"wp:attachment":[{"href":"https:\/\/plazajuarez.mx\/historico\/wp-json\/wp\/v2\/media?parent=227789"}],"wp:term":[{"taxonomy":"category","embeddable":true,"href":"https:\/\/plazajuarez.mx\/historico\/wp-json\/wp\/v2\/categories?post=227789"},{"taxonomy":"post_tag","embeddable":true,"href":"https:\/\/plazajuarez.mx\/historico\/wp-json\/wp\/v2\/tags?post=227789"}],"curies":[{"name":"wp","href":"https:\/\/api.w.org\/{rel}","templated":true}]}}