{"id":227722,"date":"2022-08-29T08:54:07","date_gmt":"2022-08-29T13:54:07","guid":{"rendered":"https:\/\/plazajuarez.mx\/?p=227722"},"modified":"2022-08-29T08:54:12","modified_gmt":"2022-08-29T13:54:12","slug":"julio-menchaca-unico-jefe-politico-en-morena-hidalgo","status":"publish","type":"post","link":"https:\/\/plazajuarez.mx\/historico\/julio-menchaca-unico-jefe-politico-en-morena-hidalgo\/","title":{"rendered":"Julio Menchaca, \u00fanico Jefe Pol\u00edtico en Morena-Hidalgo"},"content":{"rendered":"\n<h2 class=\"wp-block-heading\">RETRATOS HABLADOS<\/h2>\n\n\n\n<p>El lunes pr\u00f3ximo, <strong>Julio Menchaca Salazar<\/strong> se convertir\u00e1 en el primer gobernador no surgido de las filas tricolores, despu\u00e9s de nueve d\u00e9cadas en Hidalgo en que el Poder Ejecutivo hab\u00eda permanecido en manos del Revolucionario Institucional.&nbsp;<\/p>\n\n\n\n<p>La semana que empieza hoy, ser\u00e1 fundamental en la administraci\u00f3n por nacer a partir de la semana pr\u00f3xima, porque se trata del \u00faltimo tramo de preparaci\u00f3n en que deber\u00e1 hacer los ajustes necesarios en su equipo de trabajo, pero tambi\u00e9n en el partido pol\u00edtico que lo acompa\u00f1ar\u00e1 a lo largo de su sexenio, y es de esperarse con el compromiso abierto de apoyarlo sin reserva, pero fundamentalmente sin condiciones de ning\u00fan tipo.<\/p>\n\n\n\n<p>Ya al frente de Morena-Hidalgo, <strong>Marco Antonio Rico Mercado<\/strong> sabe que la primera responsabilidad que tiene, es lograr que la base, la militancia morenista, haga suya la idea de que \u201cEl primer y \u00fanico jefe morenista de la entidad\u201d, es precisamente el gobernador <strong>Menchaca Salazar<\/strong>, y que nadie, absolutamente nadie puede, ni debe regatearle esa potestad.<\/p>\n\n\n\n<p><strong>Rico Mercado<\/strong> enfrenta un reto complicado, pero que ser\u00e1 su primera prueba para confirmar que su lealtad est\u00e1 con el mandatario electo, y que bajo ninguna circunstancia puede solaparse el eventual regateo de algunos personajes, que han logrado no solo cargos de elecci\u00f3n popular a trav\u00e9s de Morena, sino espacios en el Consejo Estatal.<\/p>\n\n\n\n<p>Porque mal har\u00edan en que querer plantear que primero consultar\u00e1n con su jefe pol\u00edtico, y a partir de lo que este les diga, dar su apoyo a quien es, desde ya, su \u00fanico y real jefe pol\u00edtico.<\/p>\n\n\n\n<p>Para nadie es ajeno el escenario de la pol\u00edtica hidalguense, en el que existen diversos grupos que a toda costa buscaron ganar mayor\u00eda en el n\u00famero de consejeros que quedaran de su lado. Es claro que el <strong>Grupo Universidad<\/strong>, logr\u00f3 agenciarse un importante terreno de poder, lo mismo que el delegado del Bienestar, <strong>Abraham Mendoza Zenteno<\/strong>, la alcaldesa de Tizayuca, <strong>Susana \u00c1ngeles<\/strong>, entre otros.<\/p>\n\n\n\n<p>Y pueden ser m\u00e1s, pero un hecho fundamental es que a partir del d\u00eda lunes y en los hechos, deber\u00e1n mostrar claramente que su \u00fanico <strong>Jefe Pol\u00edtico es Menchaca Salazar<\/strong>, y que sus decisiones deber\u00e1n dejar en claro que no van a negociar nada \u201ca nombre de\u2026\u201d, o \u201cpor orden de\u2026\u201d.<\/p>\n\n\n\n<p>Quien pretenda asumir que solo deber\u00e1 lealtad al l\u00edder de su peque\u00f1o grupo pol\u00edtico, sabr\u00e1 lo que es la disciplina partidista real; sabr\u00e1 que servir a dos amos en estos momentos cr\u00edticos del pa\u00eds, se interpretar\u00e1 como un acto de traici\u00f3n que no ser\u00e1 perdonado.<\/p>\n\n\n\n<p><strong><\/strong><strong>Morena tiene la oportunidad m\u00e1s importante de su corta existencia, siempre y cuando los diversos entes que la conforman en el Estado, entiendan que ganar la elecci\u00f3n para la primera magistratura estatal, convirti\u00f3 a Julio Menchaca Salazar, no solo en el gobernador constitucional de Hidalgo, sino en jefe \u00fanico y definitivo del partido Morena. Que los l\u00edderes de grupos, clanes o sectas pol\u00edticas, quedan a un lado de manera inmediata.<\/strong><\/p>\n\n\n\n<p>Y que no entenderlo as\u00ed, se traducir\u00eda en una verdadera traici\u00f3n al proyecto de <strong>Julio Menchaca Salazar.<\/strong><\/p>\n\n\n\n<p>As\u00ed de simple.&nbsp;<\/p>\n\n\n\n<p>Mil gracias, hasta ma\u00f1ana.<\/p>\n\n\n\n<p><a href=\"mailto:jeperalta@plazajuarez.mx\/historico\/historico\">jeperalta@plazajuarez.mx\/historico\/historico<\/a><\/p>\n\n\n\n<p>@JavierEPeralta<\/p>\n","protected":false},"excerpt":{"rendered":"<p>RETRATOS HABLADOS El lunes pr\u00f3ximo, Julio Menchaca Salazar se convertir\u00e1 en el primer gobernador no surgido de las filas tricolores, despu\u00e9s de nueve d\u00e9cadas en Hidalgo en que el Poder Ejecutivo hab\u00eda permanecido en manos del Revolucionario Institucional.&nbsp; La semana que empieza hoy, ser\u00e1 fundamental en la administraci\u00f3n por nacer a partir de la semana [&hellip;]<\/p>\n","protected":false},"author":10,"featured_media":208653,"comment_status":"closed","ping_status":"closed","sticky":false,"template":"","format":"standard","meta":{"footnotes":""},"categories":[49,42],"tags":[],"class_list":["post-227722","post","type-post","status-publish","format-standard","has-post-thumbnail","hentry","category-javier-peralta","category-nuestrapalabra"],"_links":{"self":[{"href":"https:\/\/plazajuarez.mx\/historico\/wp-json\/wp\/v2\/posts\/227722","targetHints":{"allow":["GET"]}}],"collection":[{"href":"https:\/\/plazajuarez.mx\/historico\/wp-json\/wp\/v2\/posts"}],"about":[{"href":"https:\/\/plazajuarez.mx\/historico\/wp-json\/wp\/v2\/types\/post"}],"author":[{"embeddable":true,"href":"https:\/\/plazajuarez.mx\/historico\/wp-json\/wp\/v2\/users\/10"}],"replies":[{"embeddable":true,"href":"https:\/\/plazajuarez.mx\/historico\/wp-json\/wp\/v2\/comments?post=227722"}],"version-history":[{"count":0,"href":"https:\/\/plazajuarez.mx\/historico\/wp-json\/wp\/v2\/posts\/227722\/revisions"}],"wp:featuredmedia":[{"embeddable":true,"href":"https:\/\/plazajuarez.mx\/historico\/wp-json\/wp\/v2\/media\/208653"}],"wp:attachment":[{"href":"https:\/\/plazajuarez.mx\/historico\/wp-json\/wp\/v2\/media?parent=227722"}],"wp:term":[{"taxonomy":"category","embeddable":true,"href":"https:\/\/plazajuarez.mx\/historico\/wp-json\/wp\/v2\/categories?post=227722"},{"taxonomy":"post_tag","embeddable":true,"href":"https:\/\/plazajuarez.mx\/historico\/wp-json\/wp\/v2\/tags?post=227722"}],"curies":[{"name":"wp","href":"https:\/\/api.w.org\/{rel}","templated":true}]}}