{"id":227720,"date":"2022-08-29T08:53:05","date_gmt":"2022-08-29T13:53:05","guid":{"rendered":"https:\/\/plazajuarez.mx\/?p=227720"},"modified":"2022-08-29T08:53:11","modified_gmt":"2022-08-29T13:53:11","slug":"seis-dias","status":"publish","type":"post","link":"https:\/\/plazajuarez.mx\/historico\/seis-dias\/","title":{"rendered":"SEIS D\u00cdAS"},"content":{"rendered":"\n<h2 class=\"wp-block-heading\"><em>ALFIL NEGRO<\/em><\/h2>\n\n\n\n<p>El sexenio del gobernador Omar Fayad vive sus \u00faltimos seis d\u00edas, porque de acuerdo a la ley termina en el \u00faltimo minuto del pr\u00f3ximo 4 de septiembre y empezando el d\u00eda 5, Julio Menchaca es ya el responsable del Poder Ejecutivo, aunque la ceremonia oficial sea hasta las 11:00 de la ma\u00f1ana cuando Julio Valera, en su calidad de Presidente de la Junta de gobierno de la actual legislatura le tome la protesta de ley.<\/p>\n\n\n\n<p>S\u00f3lo seis d\u00edas que pueden significar los seis a\u00f1os de gobierno del sexenio que termina.<\/p>\n\n\n\n<p>Y en l\u00edneas generales Omar Fayad puede salir tranquilo de Palacio de Gobierno, porque sus obras y acciones avalan una administraci\u00f3n que le deja buenas cuentas a Hidalgo.<\/p>\n\n\n\n<p>Y no se puede ni se debe dejar de ver que fue un gobierno en circunstancias muy dif\u00edciles, pues tuvo en contra, en ocasiones de manera hasta agresiva, al Poder Legislativo en manos supuestamente de Morena, pero ya en los hechos del Grupo Universidad, que busc\u00f3 con todo descarrilar al gobierno de Fayad.<\/p>\n\n\n\n<p>No se pueden olvidar los desplantes de los legisladores del Grupo Universidad, encabezados por el hoy desaparecido Ricardo Baptista que buscaron estorbar con todo a la administraci\u00f3n Fayad.<\/p>\n\n\n\n<p>Se debe contemplar que a esta situaci\u00f3n se suma un hecho que es importante en el gobierno de cualquier gobernador: que el Presidente de la Rep\u00fablica no era de su partido sino de Morena, con la presi\u00f3n de muchos priistas de buscar crear un muro de Hidalgo en contra de Obrador.<\/p>\n\n\n\n<p>Finalmente, el gobernador Fayad se inclin\u00f3 por una pol\u00edtica de entendimiento y de solidaridad con el Jefe de la naci\u00f3n, y los resultados avalan a esta decisi\u00f3n como buena, pese al enojo de algunos tricolores que lo que quer\u00edan era pelea de Hidalgo contra el Presidente.<\/p>\n\n\n\n<p>Se eval\u00faa por parte del gobierno entrante el trabajo y el uso eficiente de los recursos p\u00fablicos, pero por lo que se ve hay buenas cuentas sobre todo en renglones como Desarrollo Econ\u00f3mico, donde se lograron m\u00e1s de 70 mil millones de inversi\u00f3n y que crean un reto para el gobierno que entra y que habla bien de Jos\u00e9 Luis Romo y de Sergio Vargas; del mismo modo buenos n\u00fameros y alcances en Planeaci\u00f3n y Prospectiva con importantes logros en la planeaci\u00f3n y evaluaci\u00f3n con el concurso de la ciencia y tecnolog\u00eda que fueron herramientas para gobernar y que subrayan el buen trabajo de Lam\u00e1n Carranza.<\/p>\n\n\n\n<p>Salud es otro aspecto que todo indica cierra bien su responsabilidad con Alejandro Efra\u00edn Ben\u00edtez al frente, y con resultados buenos en el grave problema de la pandemia sobre todo.<\/p>\n\n\n\n<p>De igual manera terminan bien Turismo con Eduardo Javier Ba\u00f1os, Movilidad y Transporte con Jos\u00e9 Luis Guevara y Finanzas con Jessica Blancas, que recibi\u00f3 el espaldarazo del Presidente en el caso de los 800 millones.<\/p>\n\n\n\n<p>No se puede dejar de mencionar que con toda seguridad hay muchas cosas que se pudieron hacer mejor y que se deben mejorar, pero tambi\u00e9n que no se empieza de cero, porque hay buen camino andado y que con toda seguridad en las apuestas venideras se seguir\u00e1 por esa senda y que donde se deba corregir se har\u00e1 lo conducente.<\/p>\n\n\n\n<p>Lo cierto es que faltan s\u00f3lo seis d\u00edas para que termine un sexenio y empiece otro.<\/p>\n\n\n\n<p><strong>Suerte al que termina, suerte al que inicia, pero sobre todo suerte para Hidalgo.<\/strong><\/p>\n","protected":false},"excerpt":{"rendered":"<p>ALFIL NEGRO El sexenio del gobernador Omar Fayad vive sus \u00faltimos seis d\u00edas, porque de acuerdo a la ley termina en el \u00faltimo minuto del pr\u00f3ximo 4 de septiembre y empezando el d\u00eda 5, Julio Menchaca es ya el responsable del Poder Ejecutivo, aunque la ceremonia oficial sea hasta las 11:00 de la ma\u00f1ana cuando [&hellip;]<\/p>\n","protected":false},"author":83,"featured_media":208526,"comment_status":"closed","ping_status":"closed","sticky":false,"template":"","format":"standard","meta":{"footnotes":""},"categories":[48,42],"tags":[],"class_list":["post-227720","post","type-post","status-publish","format-standard","has-post-thumbnail","hentry","category-adalberto-peralta","category-nuestrapalabra"],"_links":{"self":[{"href":"https:\/\/plazajuarez.mx\/historico\/wp-json\/wp\/v2\/posts\/227720","targetHints":{"allow":["GET"]}}],"collection":[{"href":"https:\/\/plazajuarez.mx\/historico\/wp-json\/wp\/v2\/posts"}],"about":[{"href":"https:\/\/plazajuarez.mx\/historico\/wp-json\/wp\/v2\/types\/post"}],"author":[{"embeddable":true,"href":"https:\/\/plazajuarez.mx\/historico\/wp-json\/wp\/v2\/users\/83"}],"replies":[{"embeddable":true,"href":"https:\/\/plazajuarez.mx\/historico\/wp-json\/wp\/v2\/comments?post=227720"}],"version-history":[{"count":0,"href":"https:\/\/plazajuarez.mx\/historico\/wp-json\/wp\/v2\/posts\/227720\/revisions"}],"wp:featuredmedia":[{"embeddable":true,"href":"https:\/\/plazajuarez.mx\/historico\/wp-json\/wp\/v2\/media\/208526"}],"wp:attachment":[{"href":"https:\/\/plazajuarez.mx\/historico\/wp-json\/wp\/v2\/media?parent=227720"}],"wp:term":[{"taxonomy":"category","embeddable":true,"href":"https:\/\/plazajuarez.mx\/historico\/wp-json\/wp\/v2\/categories?post=227720"},{"taxonomy":"post_tag","embeddable":true,"href":"https:\/\/plazajuarez.mx\/historico\/wp-json\/wp\/v2\/tags?post=227720"}],"curies":[{"name":"wp","href":"https:\/\/api.w.org\/{rel}","templated":true}]}}