{"id":227714,"date":"2022-08-29T08:50:37","date_gmt":"2022-08-29T13:50:37","guid":{"rendered":"https:\/\/plazajuarez.mx\/?p=227714"},"modified":"2022-08-29T08:50:46","modified_gmt":"2022-08-29T13:50:46","slug":"dese-por-enterado-1012","status":"publish","type":"post","link":"https:\/\/plazajuarez.mx\/historico\/dese-por-enterado-1012\/","title":{"rendered":"DESE POR ENTERADO"},"content":{"rendered":"\n<p><strong>MORENA, BUEN ARRANQUE PARA MENCHACA.<\/strong>\u2013 El Comit\u00e9 Directivo Estatal de Morena, que dirigir\u00e1 <strong>Marco Antonio Rico Mercado<\/strong>, tendr\u00e1 una labor importante de apoyo al gobernador, <strong>Julio Menchaca Salazar.<\/strong> Por disciplina y lealtad, los siete integrantes del mismo, deber\u00e1n estar al lado del hoy mandatario electo, pero por si eso no les aplicara a algunos, cuatro de los siete lugares del mismo corresponden a personajes afines a quien asumir\u00e1 la responsabilidad de dirigir los destinos de los hidalguenses el pr\u00f3ximo lunes.&nbsp;<\/p>\n\n\n\n<figure class=\"wp-block-image size-full\"><img loading=\"lazy\" decoding=\"async\" width=\"800\" height=\"800\" src=\"https:\/\/plazajuarez.mx\/historico\/historico\/wp-content\/uploads\/2022\/08\/MORENA-BUEN-ARRANQUE-PARA-MENCHACA-FACEBOOK-MORENA-HIDALGO.jpg\" alt=\"\" class=\"wp-image-227715\" srcset=\"https:\/\/plazajuarez.mx\/historico\/wp-content\/uploads\/2022\/08\/MORENA-BUEN-ARRANQUE-PARA-MENCHACA-FACEBOOK-MORENA-HIDALGO.jpg 800w, https:\/\/plazajuarez.mx\/historico\/wp-content\/uploads\/2022\/08\/MORENA-BUEN-ARRANQUE-PARA-MENCHACA-FACEBOOK-MORENA-HIDALGO-768x768.jpg 768w, https:\/\/plazajuarez.mx\/historico\/wp-content\/uploads\/2022\/08\/MORENA-BUEN-ARRANQUE-PARA-MENCHACA-FACEBOOK-MORENA-HIDALGO-36x36.jpg 36w\" sizes=\"auto, (max-width: 800px) 100vw, 800px\" \/><\/figure>\n\n\n\n<p><strong>VAMOS POR PARTES<\/strong>. \u2013 Por principio de cuenta, <strong>Rico Mercado<\/strong> es un personaje identificado con <strong>Menchaca Salazar<\/strong>, igual los que fueron seleccionados para las carteras de Formaci\u00f3n, Finanzas, Comunicaci\u00f3n, y por supuesto la propia Presidencia. Digno es de mencionarse que <strong>Gustavo Callejas<\/strong>, ex diputado federal morenista, pele\u00f3 hasta el \u00faltimo momento la presidencia del partido, pero es evidente que ha perdido fuerza y ascendencia entre la militancia, y que su proceder poco leal con Morena y contrario al proyecto del hoy gobernador electo, simplemente lo llev\u00f3 a perder.<\/p>\n\n\n\n<figure class=\"wp-block-image size-full\"><img loading=\"lazy\" decoding=\"async\" width=\"1232\" height=\"1240\" src=\"https:\/\/plazajuarez.mx\/historico\/historico\/wp-content\/uploads\/2022\/08\/VAMOS-POR-PARTES-FACEBOOK-GUSTAVO-CALLEJAS-ROMERO.jpg\" alt=\"\" class=\"wp-image-227716\" srcset=\"https:\/\/plazajuarez.mx\/historico\/wp-content\/uploads\/2022\/08\/VAMOS-POR-PARTES-FACEBOOK-GUSTAVO-CALLEJAS-ROMERO.jpg 1232w, https:\/\/plazajuarez.mx\/historico\/wp-content\/uploads\/2022\/08\/VAMOS-POR-PARTES-FACEBOOK-GUSTAVO-CALLEJAS-ROMERO-768x773.jpg 768w, https:\/\/plazajuarez.mx\/historico\/wp-content\/uploads\/2022\/08\/VAMOS-POR-PARTES-FACEBOOK-GUSTAVO-CALLEJAS-ROMERO-36x36.jpg 36w\" sizes=\"auto, (max-width: 1232px) 100vw, 1232px\" \/><\/figure>\n\n\n\n<p><strong>\u00bfY QUI\u00c9N ES RICO MERCADO? \u2013<\/strong> Desde las internas, sin ning\u00fan doble mensaje, sino de manera abierta, decidi\u00f3 apoyar la candidatura de <strong>Julio Menchaca<\/strong>. Incluso <strong>Miguel Tello<\/strong>, un personaje cercano al hoy mandatario electo, decidi\u00f3 declinar a favor de <strong>Marco Antonio<\/strong> por una simple y sencilla raz\u00f3n: le reconoci\u00f3 su trayectoria como luchador social, siempre a favor de las mejores causas sociales en Hidalgo. De tal modo que a\u00fan cuando la Secretar\u00eda General y el Consejo quedaron en manos, digamos &#8220;extra\u00f1as&#8221;, sus funciones son poco sustantivas para el devenir del movimiento de Morena en Hidalgo. El panorama est\u00e1 muy claro, y <strong>Menchaca Salazar<\/strong> sabe que cuenta con el apoyo de un partido que lo sabe su l\u00edder.<\/p>\n\n\n\n<figure class=\"wp-block-image size-full\"><img loading=\"lazy\" decoding=\"async\" width=\"1163\" height=\"917\" src=\"https:\/\/plazajuarez.mx\/historico\/historico\/wp-content\/uploads\/2022\/08\/\u00bfY-QUIE\u0301N-ES-RICO-MERCADO_-FACEBOOK-MORENA-HIDALGO.jpg\" alt=\"\" class=\"wp-image-227717\" srcset=\"https:\/\/plazajuarez.mx\/historico\/wp-content\/uploads\/2022\/08\/\u00bfY-QUIE\u0301N-ES-RICO-MERCADO_-FACEBOOK-MORENA-HIDALGO.jpg 1163w, https:\/\/plazajuarez.mx\/historico\/wp-content\/uploads\/2022\/08\/\u00bfY-QUIE\u0301N-ES-RICO-MERCADO_-FACEBOOK-MORENA-HIDALGO-768x606.jpg 768w\" sizes=\"auto, (max-width: 1163px) 100vw, 1163px\" \/><\/figure>\n\n\n\n<p><strong>ALEJANDRO ENCISO REGRESA A LA DIPUTACI\u00d3N. \u2013 Roberto Rico<\/strong> podr\u00e1 decir que hizo un buen trabajo como legislador suplente de <strong>Alejandro Enciso<\/strong>. Salvo el resbal\u00f3n que le represent\u00f3 querer <em>carrancearse <\/em>el asunto de la Ley de Protecci\u00f3n a Periodistas, hizo un buen trabajo porque sabe de leyes. Por lo mientras, ya empez\u00f3 a despedirse de sus pares, porque en cualquier momento el titular de la curul solicitar\u00e1 ser reintegrado al cargo de elecci\u00f3n popular.<\/p>\n\n\n\n<figure class=\"wp-block-image size-full\"><img loading=\"lazy\" decoding=\"async\" width=\"827\" height=\"828\" src=\"https:\/\/plazajuarez.mx\/historico\/historico\/wp-content\/uploads\/2022\/08\/ALEJANDRO-ENCISO-REGRESA-A-LA-DIPUTACIO\u0301N-FACEBOOK-ALEJANDRO-ENCISO.png\" alt=\"\" class=\"wp-image-227718\" srcset=\"https:\/\/plazajuarez.mx\/historico\/wp-content\/uploads\/2022\/08\/ALEJANDRO-ENCISO-REGRESA-A-LA-DIPUTACIO\u0301N-FACEBOOK-ALEJANDRO-ENCISO.png 827w, https:\/\/plazajuarez.mx\/historico\/wp-content\/uploads\/2022\/08\/ALEJANDRO-ENCISO-REGRESA-A-LA-DIPUTACIO\u0301N-FACEBOOK-ALEJANDRO-ENCISO-768x769.png 768w, https:\/\/plazajuarez.mx\/historico\/wp-content\/uploads\/2022\/08\/ALEJANDRO-ENCISO-REGRESA-A-LA-DIPUTACIO\u0301N-FACEBOOK-ALEJANDRO-ENCISO-36x36.png 36w\" sizes=\"auto, (max-width: 827px) 100vw, 827px\" \/><\/figure>\n\n\n\n<p><strong>Aviso para que no digan: Esta columna se nutre de comentarios recabados por agencias del Recontra-Espionaje, muy similares a las que populariz\u00f3 el \u201cS\u00faper Agente 86\u201d en sus tiempos. Como tal lo que publicamos puede que sea cierto, puede que no, o todo lo contrario. Est\u00e1 usted en libertad de creer o no lo que lee, recontra-enojarse, recontra- carcajearse y hasta recontra-recordarnos a nuestra jefecita (nosotros recontra-haremos lo propio). Avisado est\u00e1 usted.&nbsp;<\/strong><\/p>\n\n\n\n<p><strong>desexenterado@gmail.com @desexenterado&nbsp;<\/strong><\/p>\n","protected":false},"excerpt":{"rendered":"<p>MORENA, BUEN ARRANQUE PARA MENCHACA.\u2013 El Comit\u00e9 Directivo Estatal de Morena, que dirigir\u00e1 Marco Antonio Rico Mercado, tendr\u00e1 una labor importante de apoyo al gobernador, Julio Menchaca Salazar. Por disciplina y lealtad, los siete integrantes del mismo, deber\u00e1n estar al lado del hoy mandatario electo, pero por si eso no les aplicara a algunos, cuatro [&hellip;]<\/p>\n","protected":false},"author":93,"featured_media":208507,"comment_status":"closed","ping_status":"closed","sticky":false,"template":"","format":"standard","meta":{"footnotes":""},"categories":[83],"tags":[],"class_list":["post-227714","post","type-post","status-publish","format-standard","has-post-thumbnail","hentry","category-dese-por-enterado"],"_links":{"self":[{"href":"https:\/\/plazajuarez.mx\/historico\/wp-json\/wp\/v2\/posts\/227714","targetHints":{"allow":["GET"]}}],"collection":[{"href":"https:\/\/plazajuarez.mx\/historico\/wp-json\/wp\/v2\/posts"}],"about":[{"href":"https:\/\/plazajuarez.mx\/historico\/wp-json\/wp\/v2\/types\/post"}],"author":[{"embeddable":true,"href":"https:\/\/plazajuarez.mx\/historico\/wp-json\/wp\/v2\/users\/93"}],"replies":[{"embeddable":true,"href":"https:\/\/plazajuarez.mx\/historico\/wp-json\/wp\/v2\/comments?post=227714"}],"version-history":[{"count":0,"href":"https:\/\/plazajuarez.mx\/historico\/wp-json\/wp\/v2\/posts\/227714\/revisions"}],"wp:featuredmedia":[{"embeddable":true,"href":"https:\/\/plazajuarez.mx\/historico\/wp-json\/wp\/v2\/media\/208507"}],"wp:attachment":[{"href":"https:\/\/plazajuarez.mx\/historico\/wp-json\/wp\/v2\/media?parent=227714"}],"wp:term":[{"taxonomy":"category","embeddable":true,"href":"https:\/\/plazajuarez.mx\/historico\/wp-json\/wp\/v2\/categories?post=227714"},{"taxonomy":"post_tag","embeddable":true,"href":"https:\/\/plazajuarez.mx\/historico\/wp-json\/wp\/v2\/tags?post=227714"}],"curies":[{"name":"wp","href":"https:\/\/api.w.org\/{rel}","templated":true}]}}